{"id":174,"date":"2023-11-10T19:15:20","date_gmt":"2023-11-10T19:15:20","guid":{"rendered":"https:\/\/rne.cl\/?p=174"},"modified":"2023-11-10T19:16:01","modified_gmt":"2023-11-10T19:16:01","slug":"mesa-tecnica-por-precipitaciones-10-11-2023","status":"publish","type":"post","link":"https:\/\/www.rne.cl\/?p=174","title":{"rendered":"Mesa T\u00e9cnica por precipitaciones 10\/11\/2023"},"content":{"rendered":"\n<figure class=\"wp-block-embed is-type-rich is-provider-twitter wp-block-embed-twitter\"><div class=\"wp-block-embed__wrapper\">\n<blockquote class=\"twitter-tweet\" data-width=\"550\" data-dnt=\"true\"><p lang=\"es\" dir=\"ltr\">Director Nacional de <a href=\"https:\/\/twitter.com\/Senapred?ref_src=twsrc%5Etfw\">@Senapred<\/a>, \u00c1lvaro Hormaz\u00e1bal, junto a <a href=\"https:\/\/twitter.com\/meteochile_dmc?ref_src=twsrc%5Etfw\">@meteochile_dmc<\/a> y @Sernageomin, se reunieron con las regiones entre Coquimbo y O&#39;higgins, para abordar las acciones de coordinaci\u00f3n y monitoreo en virtud del pron\u00f3stico meteorol\u00f3gico. <a href=\"https:\/\/t.co\/dVi0ZM0G0J\">pic.twitter.com\/dVi0ZM0G0J<\/a><\/p>&mdash; SENAPRED (@Senapred) <a href=\"https:\/\/twitter.com\/Senapred\/status\/1723030346130727016?ref_src=twsrc%5Etfw\">November 10, 2023<\/a><\/blockquote><script async src=\"https:\/\/platform.twitter.com\/widgets.js\" charset=\"utf-8\"><\/script>\n<\/div><\/figure>\n","protected":false},"excerpt":{"rendered":"","protected":false},"author":2,"featured_media":0,"comment_status":"closed","ping_status":"closed","sticky":false,"template":"","format":"standard","meta":{"footnotes":""},"categories":[3],"tags":[],"class_list":["post-174","post","type-post","status-publish","format-standard","hentry","category-noticias"],"_links":{"self":[{"href":"https:\/\/www.rne.cl\/index.php?rest_route=\/wp\/v2\/posts\/174","targetHints":{"allow":["GET"]}}],"collection":[{"href":"https:\/\/www.rne.cl\/index.php?rest_route=\/wp\/v2\/posts"}],"about":[{"href":"https:\/\/www.rne.cl\/index.php?rest_route=\/wp\/v2\/types\/post"}],"author":[{"embeddable":true,"href":"https:\/\/www.rne.cl\/index.php?rest_route=\/wp\/v2\/users\/2"}],"replies":[{"embeddable":true,"href":"https:\/\/www.rne.cl\/index.php?rest_route=%2Fwp%2Fv2%2Fcomments&post=174"}],"version-history":[{"count":2,"href":"https:\/\/www.rne.cl\/index.php?rest_route=\/wp\/v2\/posts\/174\/revisions"}],"predecessor-version":[{"id":178,"href":"https:\/\/www.rne.cl\/index.php?rest_route=\/wp\/v2\/posts\/174\/revisions\/178"}],"wp:attachment":[{"href":"https:\/\/www.rne.cl\/index.php?rest_route=%2Fwp%2Fv2%2Fmedia&parent=174"}],"wp:term":[{"taxonomy":"category","embeddable":true,"href":"https:\/\/www.rne.cl\/index.php?rest_route=%2Fwp%2Fv2%2Fcategories&post=174"},{"taxonomy":"post_tag","embeddable":true,"href":"https:\/\/www.rne.cl\/index.php?rest_route=%2Fwp%2Fv2%2Ftags&post=174"}],"curies":[{"name":"wp","href":"https:\/\/api.w.org\/{rel}","templated":true}]}}