{"id":186,"date":"2023-11-20T17:42:54","date_gmt":"2023-11-20T17:42:54","guid":{"rendered":"https:\/\/rne.cl\/?p=186"},"modified":"2023-11-20T17:45:45","modified_gmt":"2023-11-20T17:45:45","slug":"inscribete-ciclo-de-charlas-los-volcanes-tienen-su-ciencia","status":"publish","type":"post","link":"https:\/\/www.rne.cl\/?p=186","title":{"rendered":"\u00a1INSCR\u00cdBETE! Ciclo de charlas &#8220;Los volcanes tienen su ciencia&#8221;"},"content":{"rendered":"\n<figure class=\"wp-block-image size-full\"><img loading=\"lazy\" decoding=\"async\" width=\"581\" height=\"572\" src=\"https:\/\/rne.cl\/wp-content\/uploads\/2023\/11\/1.png\" alt=\"\" class=\"wp-image-189\" srcset=\"https:\/\/www.rne.cl\/wp-content\/uploads\/2023\/11\/1.png 581w, https:\/\/www.rne.cl\/wp-content\/uploads\/2023\/11\/1-300x295.png 300w, https:\/\/www.rne.cl\/wp-content\/uploads\/2023\/11\/1-305x300.png 305w\" sizes=\"auto, (max-width: 581px) 100vw, 581px\" \/><\/figure>\n\n\n\n<figure class=\"wp-block-table\"><table><tbody><tr><td>Esta \u00faltima charla de nuestro ciclo &#8220;<strong>Los volcanes tienen su ciencia<\/strong>&#8221; abordar\u00e1 las diversas estrategias para instrumentar volcanes y la relevancia del monitoreo volc\u00e1nico desde la expertiz de instituciones p\u00fablicas y cient\u00edficas dedicadas al estudio de volcanes. &nbsp; En la charla que se titula &#8220;<strong>Vigilancia volc\u00e1nica: estrategias de instrumentaci\u00f3n en instituciones p\u00fablicas y cient\u00edficas<\/strong>&#8221; expondr\u00e1n los volcan\u00f3logos <strong>Sebasti\u00e1n Garc\u00eda,<\/strong> quien es director del Observatorio Argentino de Vigilancia Volc\u00e1nica (OAVV), y <strong>Felipe Aguilera<\/strong>, director de Ckelar Volcanes y acad\u00e9mico de la Universidad Cat\u00f3lica del Norte. Modera la ge\u00f3loga y encargada log\u00edstica del Instituto Milenio Ckelar Volcanes, <strong>Alexandra Fuentealba.&nbsp;<\/strong> &nbsp; La actividad se realizar\u00e1 como es habitual de manera virtual, el <strong>mi\u00e9rcoles 29 de noviembre a las 12:00 zona horaria Chile<\/strong>, y requiere <strong>previa <a href=\"bit.ly\/LosVolcanestienensuciencia7\" target=\"_blank\" rel=\"noreferrer noopener\">inscripci\u00f3n<\/a>&nbsp;<\/strong>para asistir a la sesi\u00f1on por zoom.<strong>&nbsp;<\/strong>Adem\u00e1s, ser\u00e1 transmitida de manera simult\u00e1nea por <strong>nuestro canal de <a href=\"https:\/\/trackercl1.fidelizador.com\/LA9EA72B4G62F5HA9C9DBJ10B4DC18KA9EA72B4998C73F79DB2FF\" target=\"_blank\" rel=\"noreferrer noopener\">Youtube<\/a><\/strong> y por <strong><a href=\"https:\/\/trackercl1.fidelizador.com\/LA9EA72B4G62F5HA9C9DBJ10B4DC0BKA9EA72B4998C73F79DB2FF\" target=\"_blank\" rel=\"noreferrer noopener\">Facebook<\/a> de la Universidad Cat\u00f3lica del Norte<\/strong><\/td><\/tr><\/tbody><\/table><\/figure>\n","protected":false},"excerpt":{"rendered":"<p>Esta \u00faltima charla de nuestro ciclo &#8220;Los volcanes tienen su ciencia&#8221; abordar\u00e1 las diversas estrategias para instrumentar volcanes y la relevancia del monitoreo volc\u00e1nico desde la expertiz de instituciones p\u00fablicas y cient\u00edficas dedicadas al estudio de volcanes. &nbsp; En la &hellip; <a href=\"https:\/\/www.rne.cl\/?p=186\">Continuar leyendo <span class=\"meta-nav\">&rarr;<\/span><\/a><\/p>\n","protected":false},"author":2,"featured_media":0,"comment_status":"closed","ping_status":"closed","sticky":false,"template":"","format":"standard","meta":{"footnotes":""},"categories":[3],"tags":[],"class_list":["post-186","post","type-post","status-publish","format-standard","hentry","category-noticias"],"_links":{"self":[{"href":"https:\/\/www.rne.cl\/index.php?rest_route=\/wp\/v2\/posts\/186","targetHints":{"allow":["GET"]}}],"collection":[{"href":"https:\/\/www.rne.cl\/index.php?rest_route=\/wp\/v2\/posts"}],"about":[{"href":"https:\/\/www.rne.cl\/index.php?rest_route=\/wp\/v2\/types\/post"}],"author":[{"embeddable":true,"href":"https:\/\/www.rne.cl\/index.php?rest_route=\/wp\/v2\/users\/2"}],"replies":[{"embeddable":true,"href":"https:\/\/www.rne.cl\/index.php?rest_route=%2Fwp%2Fv2%2Fcomments&post=186"}],"version-history":[{"count":2,"href":"https:\/\/www.rne.cl\/index.php?rest_route=\/wp\/v2\/posts\/186\/revisions"}],"predecessor-version":[{"id":190,"href":"https:\/\/www.rne.cl\/index.php?rest_route=\/wp\/v2\/posts\/186\/revisions\/190"}],"wp:attachment":[{"href":"https:\/\/www.rne.cl\/index.php?rest_route=%2Fwp%2Fv2%2Fmedia&parent=186"}],"wp:term":[{"taxonomy":"category","embeddable":true,"href":"https:\/\/www.rne.cl\/index.php?rest_route=%2Fwp%2Fv2%2Fcategories&post=186"},{"taxonomy":"post_tag","embeddable":true,"href":"https:\/\/www.rne.cl\/index.php?rest_route=%2Fwp%2Fv2%2Ftags&post=186"}],"curies":[{"name":"wp","href":"https:\/\/api.w.org\/{rel}","templated":true}]}}