{"id":194,"date":"2023-11-20T18:06:12","date_gmt":"2023-11-20T18:06:12","guid":{"rendered":"https:\/\/rne.cl\/?p=194"},"modified":"2023-11-20T18:12:00","modified_gmt":"2023-11-20T18:12:00","slug":"ciudades-resilientes-desde-el-sur-global-inscripcion","status":"publish","type":"post","link":"https:\/\/www.rne.cl\/?p=194","title":{"rendered":"Ciudades Resilientes desde el Sur Global: inscripci\u00f3n"},"content":{"rendered":"\n<p>La 2da versi\u00f3n de Ciudades Resilientes tiene como objetivo fomentar la organizaci\u00f3n y el conocimiento de las personas para crear ciudades resilientes, adem\u00e1s de entregar conocimiento cient\u00edfico para generar pol\u00edticas p\u00fablicas sobre este tema.<\/p>\n\n\n\n<p>Incripci\u00f3nes en el siguiente link: <a href=\"https:\/\/docs.google.com\/forms\/d\/e\/1FAIpQLSctCXmZJxvYz4mpLAmIDXmKVZYA2PDh-IYwcnSCERinyNg25g\/viewform\" target=\"_blank\" rel=\"noreferrer noopener\">https:\/\/docs.google.com\/forms\/d\/e\/1FAIpQLSctCXmZJxvYz4mpLAmIDXmKVZYA2PDh-IYwcnSCERinyNg25g\/viewform<\/a><\/p>\n\n\n\n<figure class=\"wp-block-embed is-type-video is-provider-youtube wp-block-embed-youtube wp-embed-aspect-16-9 wp-has-aspect-ratio\"><div class=\"wp-block-embed__wrapper\">\n<iframe loading=\"lazy\" title=\"\u00a1Participa de la II Conferencia Internacional &quot;Ciudades Resilientes&quot; | Jorge Le\u00f3n\" width=\"584\" height=\"329\" src=\"https:\/\/www.youtube.com\/embed\/A47MfbWLMJs?start=90&#038;feature=oembed\" frameborder=\"0\" allow=\"accelerometer; autoplay; clipboard-write; encrypted-media; gyroscope; picture-in-picture; web-share\" referrerpolicy=\"strict-origin-when-cross-origin\" allowfullscreen><\/iframe>\n<\/div><\/figure>\n","protected":false},"excerpt":{"rendered":"<p>La 2da versi\u00f3n de Ciudades Resilientes tiene como objetivo fomentar la organizaci\u00f3n y el conocimiento de las personas para crear ciudades resilientes, adem\u00e1s de entregar conocimiento cient\u00edfico para generar pol\u00edticas p\u00fablicas sobre este tema. Incripci\u00f3nes en el siguiente link: https:\/\/docs.google.com\/forms\/d\/e\/1FAIpQLSctCXmZJxvYz4mpLAmIDXmKVZYA2PDh-IYwcnSCERinyNg25g\/viewform<\/p>\n","protected":false},"author":2,"featured_media":0,"comment_status":"closed","ping_status":"closed","sticky":false,"template":"","format":"standard","meta":{"footnotes":""},"categories":[3],"tags":[],"class_list":["post-194","post","type-post","status-publish","format-standard","hentry","category-noticias"],"_links":{"self":[{"href":"https:\/\/www.rne.cl\/index.php?rest_route=\/wp\/v2\/posts\/194","targetHints":{"allow":["GET"]}}],"collection":[{"href":"https:\/\/www.rne.cl\/index.php?rest_route=\/wp\/v2\/posts"}],"about":[{"href":"https:\/\/www.rne.cl\/index.php?rest_route=\/wp\/v2\/types\/post"}],"author":[{"embeddable":true,"href":"https:\/\/www.rne.cl\/index.php?rest_route=\/wp\/v2\/users\/2"}],"replies":[{"embeddable":true,"href":"https:\/\/www.rne.cl\/index.php?rest_route=%2Fwp%2Fv2%2Fcomments&post=194"}],"version-history":[{"count":1,"href":"https:\/\/www.rne.cl\/index.php?rest_route=\/wp\/v2\/posts\/194\/revisions"}],"predecessor-version":[{"id":195,"href":"https:\/\/www.rne.cl\/index.php?rest_route=\/wp\/v2\/posts\/194\/revisions\/195"}],"wp:attachment":[{"href":"https:\/\/www.rne.cl\/index.php?rest_route=%2Fwp%2Fv2%2Fmedia&parent=194"}],"wp:term":[{"taxonomy":"category","embeddable":true,"href":"https:\/\/www.rne.cl\/index.php?rest_route=%2Fwp%2Fv2%2Fcategories&post=194"},{"taxonomy":"post_tag","embeddable":true,"href":"https:\/\/www.rne.cl\/index.php?rest_route=%2Fwp%2Fv2%2Ftags&post=194"}],"curies":[{"name":"wp","href":"https:\/\/api.w.org\/{rel}","templated":true}]}}