{"id":275,"date":"2024-05-03T16:42:05","date_gmt":"2024-05-03T16:42:05","guid":{"rendered":"https:\/\/www.rne.cl\/?p=275"},"modified":"2024-05-03T16:45:11","modified_gmt":"2024-05-03T16:45:11","slug":"directora-nacional-encabeza-mesa-tecnica-que-desarrolla-para-coordinar-acciones-preventivas-ante-pronostico-entregado-por-la-dmc","status":"publish","type":"post","link":"https:\/\/www.rne.cl\/?p=275","title":{"rendered":"Directora Nacional encabeza mesa t\u00e9cnica que desarrolla para coordinar acciones preventivas ante pron\u00f3stico entregado por la DMC"},"content":{"rendered":"\n<figure class=\"wp-block-gallery has-nested-images columns-default is-cropped wp-block-gallery-1 is-layout-flex wp-block-gallery-is-layout-flex\">\n<figure class=\"wp-block-image size-large\"><img loading=\"lazy\" decoding=\"async\" width=\"1024\" height=\"768\" data-id=\"276\" src=\"https:\/\/www.rne.cl\/wp-content\/uploads\/2024\/05\/GMqbkiMXMAAm61s-1024x768.jpeg\" alt=\"\" class=\"wp-image-276\" srcset=\"https:\/\/www.rne.cl\/wp-content\/uploads\/2024\/05\/GMqbkiMXMAAm61s-1024x768.jpeg 1024w, https:\/\/www.rne.cl\/wp-content\/uploads\/2024\/05\/GMqbkiMXMAAm61s-300x225.jpeg 300w, https:\/\/www.rne.cl\/wp-content\/uploads\/2024\/05\/GMqbkiMXMAAm61s-768x576.jpeg 768w, https:\/\/www.rne.cl\/wp-content\/uploads\/2024\/05\/GMqbkiMXMAAm61s-1536x1152.jpeg 1536w, https:\/\/www.rne.cl\/wp-content\/uploads\/2024\/05\/GMqbkiMXMAAm61s-400x300.jpeg 400w, https:\/\/www.rne.cl\/wp-content\/uploads\/2024\/05\/GMqbkiMXMAAm61s.jpeg 2048w\" sizes=\"auto, (max-width: 1024px) 100vw, 1024px\" \/><\/figure>\n<\/figure>\n\n\n\n<p><a href=\"https:\/\/twitter.com\/hashtag\/AHORA?src=hashtag_click\">#AHORA<\/a> | Directora Nacional encabeza mesa t\u00e9cnica que desarrolla para coordinar acciones preventivas ante pron\u00f3stico entregado por<\/p>\n\n\n\n<p><a href=\"https:\/\/twitter.com\/meteochile_dmc\">@meteochile_dmc<\/a> que indica el ingreso de un sistema frontal<\/p>\n\n\n\n<p>entre las regiones de \u00d1uble y Ays\u00e9n. En la instancia que se desarrolla de forma h\u00edbrida, participan adem\u00e1s autoridades de<\/p>\n\n\n\n<p><a href=\"https:\/\/twitter.com\/sernageomincl\">@sernageomincl<\/a>,<\/p>\n\n\n\n<p><a href=\"https:\/\/twitter.com\/SubseInterior\">@SubseInterior<\/a> y<\/p>\n\n\n\n<p><a href=\"https:\/\/twitter.com\/mop_chile\">@mop_chile<\/a>, entre otras, y las Direcciones Regionales de <a href=\"https:\/\/twitter.com\/hashtag\/SENAPRED?src=hashtag_click\">#SENAPRED<\/a> asociadas al evento.<\/p>\n","protected":false},"excerpt":{"rendered":"<p>#AHORA | Directora Nacional encabeza mesa t\u00e9cnica que desarrolla para coordinar acciones preventivas ante pron\u00f3stico entregado por @meteochile_dmc que indica el ingreso de un sistema frontal entre las regiones de \u00d1uble y Ays\u00e9n. En la instancia que se desarrolla de &hellip; <a href=\"https:\/\/www.rne.cl\/?p=275\">Continuar leyendo <span class=\"meta-nav\">&rarr;<\/span><\/a><\/p>\n","protected":false},"author":2,"featured_media":0,"comment_status":"closed","ping_status":"closed","sticky":false,"template":"","format":"standard","meta":{"footnotes":""},"categories":[3],"tags":[],"class_list":["post-275","post","type-post","status-publish","format-standard","hentry","category-noticias"],"_links":{"self":[{"href":"https:\/\/www.rne.cl\/index.php?rest_route=\/wp\/v2\/posts\/275","targetHints":{"allow":["GET"]}}],"collection":[{"href":"https:\/\/www.rne.cl\/index.php?rest_route=\/wp\/v2\/posts"}],"about":[{"href":"https:\/\/www.rne.cl\/index.php?rest_route=\/wp\/v2\/types\/post"}],"author":[{"embeddable":true,"href":"https:\/\/www.rne.cl\/index.php?rest_route=\/wp\/v2\/users\/2"}],"replies":[{"embeddable":true,"href":"https:\/\/www.rne.cl\/index.php?rest_route=%2Fwp%2Fv2%2Fcomments&post=275"}],"version-history":[{"count":1,"href":"https:\/\/www.rne.cl\/index.php?rest_route=\/wp\/v2\/posts\/275\/revisions"}],"predecessor-version":[{"id":277,"href":"https:\/\/www.rne.cl\/index.php?rest_route=\/wp\/v2\/posts\/275\/revisions\/277"}],"wp:attachment":[{"href":"https:\/\/www.rne.cl\/index.php?rest_route=%2Fwp%2Fv2%2Fmedia&parent=275"}],"wp:term":[{"taxonomy":"category","embeddable":true,"href":"https:\/\/www.rne.cl\/index.php?rest_route=%2Fwp%2Fv2%2Fcategories&post=275"},{"taxonomy":"post_tag","embeddable":true,"href":"https:\/\/www.rne.cl\/index.php?rest_route=%2Fwp%2Fv2%2Ftags&post=275"}],"curies":[{"name":"wp","href":"https:\/\/api.w.org\/{rel}","templated":true}]}}