{"id":286,"date":"2024-05-03T17:29:03","date_gmt":"2024-05-03T17:29:03","guid":{"rendered":"https:\/\/www.rne.cl\/?p=286"},"modified":"2024-05-03T17:50:26","modified_gmt":"2024-05-03T17:50:26","slug":"31-anos-del-aluvion-de-la-quebrada-de-macul-1993","status":"publish","type":"post","link":"https:\/\/www.rne.cl\/?p=286","title":{"rendered":"31 a\u00f1os del aluvi\u00f3n de la Quebrada de Macul 1993"},"content":{"rendered":"\n<p>Hoy conmemoramos 31 a\u00f1os de uno de los desastres que marc\u00f3 para siempre a la historia de la Regi\u00f3n Metropolitana en Chile. En 1993 un <a href=\"https:\/\/twitter.com\/hashtag\/aluvi%C3%B3n?src=hashtag_click\">#aluvi\u00f3n<\/a> arras\u00f3 con todo a su paso, afectando a varias comunas de la ciudad de Santiago.<\/p>\n\n\n\n<figure class=\"wp-block-image size-large\"><img loading=\"lazy\" decoding=\"async\" width=\"819\" height=\"1024\" src=\"https:\/\/www.rne.cl\/wp-content\/uploads\/2024\/05\/GMqDmaoXsAAWDIJ-819x1024.jpeg\" alt=\"\" class=\"wp-image-287\" srcset=\"https:\/\/www.rne.cl\/wp-content\/uploads\/2024\/05\/GMqDmaoXsAAWDIJ-819x1024.jpeg 819w, https:\/\/www.rne.cl\/wp-content\/uploads\/2024\/05\/GMqDmaoXsAAWDIJ-240x300.jpeg 240w, https:\/\/www.rne.cl\/wp-content\/uploads\/2024\/05\/GMqDmaoXsAAWDIJ-768x960.jpeg 768w, https:\/\/www.rne.cl\/wp-content\/uploads\/2024\/05\/GMqDmaoXsAAWDIJ.jpeg 1080w\" sizes=\"auto, (max-width: 819px) 100vw, 819px\" \/><\/figure>\n\n\n\n<p>Fuente: CIGIDEN<\/p>\n","protected":false},"excerpt":{"rendered":"<p>Hoy conmemoramos 31 a\u00f1os de uno de los desastres que marc\u00f3 para siempre a la historia de la Regi\u00f3n Metropolitana en Chile. En 1993 un #aluvi\u00f3n arras\u00f3 con todo a su paso, afectando a varias comunas de la ciudad de &hellip; <a href=\"https:\/\/www.rne.cl\/?p=286\">Continuar leyendo <span class=\"meta-nav\">&rarr;<\/span><\/a><\/p>\n","protected":false},"author":2,"featured_media":0,"comment_status":"closed","ping_status":"closed","sticky":false,"template":"","format":"standard","meta":{"footnotes":""},"categories":[3],"tags":[],"class_list":["post-286","post","type-post","status-publish","format-standard","hentry","category-noticias"],"_links":{"self":[{"href":"https:\/\/www.rne.cl\/index.php?rest_route=\/wp\/v2\/posts\/286","targetHints":{"allow":["GET"]}}],"collection":[{"href":"https:\/\/www.rne.cl\/index.php?rest_route=\/wp\/v2\/posts"}],"about":[{"href":"https:\/\/www.rne.cl\/index.php?rest_route=\/wp\/v2\/types\/post"}],"author":[{"embeddable":true,"href":"https:\/\/www.rne.cl\/index.php?rest_route=\/wp\/v2\/users\/2"}],"replies":[{"embeddable":true,"href":"https:\/\/www.rne.cl\/index.php?rest_route=%2Fwp%2Fv2%2Fcomments&post=286"}],"version-history":[{"count":1,"href":"https:\/\/www.rne.cl\/index.php?rest_route=\/wp\/v2\/posts\/286\/revisions"}],"predecessor-version":[{"id":288,"href":"https:\/\/www.rne.cl\/index.php?rest_route=\/wp\/v2\/posts\/286\/revisions\/288"}],"wp:attachment":[{"href":"https:\/\/www.rne.cl\/index.php?rest_route=%2Fwp%2Fv2%2Fmedia&parent=286"}],"wp:term":[{"taxonomy":"category","embeddable":true,"href":"https:\/\/www.rne.cl\/index.php?rest_route=%2Fwp%2Fv2%2Fcategories&post=286"},{"taxonomy":"post_tag","embeddable":true,"href":"https:\/\/www.rne.cl\/index.php?rest_route=%2Fwp%2Fv2%2Ftags&post=286"}],"curies":[{"name":"wp","href":"https:\/\/api.w.org\/{rel}","templated":true}]}}