{"id":289,"date":"2024-05-07T13:36:16","date_gmt":"2024-05-07T13:36:16","guid":{"rendered":"https:\/\/www.rne.cl\/?p=289"},"modified":"2024-05-07T13:36:23","modified_gmt":"2024-05-07T13:36:23","slug":"se-actualiza-alerta-temprana-preventiva-para-la-region-metropolitana-por-evento-meteorologico-senapred-7-05-2024","status":"publish","type":"post","link":"https:\/\/www.rne.cl\/?p=289","title":{"rendered":"Se actualiza Alerta Temprana Preventiva para la Regi\u00f3n Metropolitana por evento meteorol\u00f3gico | SENAPRED 7\/05\/2024"},"content":{"rendered":"\n<p>Se actualiza Alerta Temprana Preventiva para la Regi\u00f3n Metropolitana por evento meteorol\u00f3gico<\/p>\n\n\n\n<p><strong>De acuerdo con la informaci\u00f3n proporcionada por la Direcci\u00f3n Meteorol\u00f3gica de Chile (DMC)<\/strong>, se encuentran vigentes los siguientes alertamientos meteorol\u00f3gicos para la Regi\u00f3n Metropolitana:<\/p>\n\n\n\n<figure class=\"wp-block-table\"><table><tbody><tr><td><strong>Alertamiento<\/strong><\/td><td><strong>Pron\u00f3stico<\/strong><\/td><td><strong>Inicio<\/strong><\/td><td><strong>Fin<\/strong><\/td><\/tr><tr><td>Aviso A129-1<\/td><td>Viento normal a moderado con probabilidad de viento blanco en cordillera.<\/td><td>03-05<\/td><td>07-05<\/td><\/tr><tr><td>Aviso A138<\/td><td>Probables nevadas con probabilidad de riesgo en el desplazamiento en precordillera.<\/td><td>07-05<\/td><td>07-05<\/td><\/tr><tr><td>Aviso A142<\/td><td>Precipitaciones normales a moderadas en corto periodo de tiempo en la regi\u00f3n.<\/td><td>07-05<\/td><td>07-05<\/td><\/tr><tr><td>Aviso A143<\/td><td>Evento de bajas temperaturas en zonas de cordillera de la costa, valle y precordillera.<\/td><td>08-05<\/td><td>08-05<\/td><\/tr><\/tbody><\/table><\/figure>\n\n\n\n<p>Por otra parte,&nbsp;seg\u00fan el Informe de Amenaza Meteorol\u00f3gica emitido el d\u00eda de hoy por la DMC, los montos de precipitaciones (mm), velocidad de viento (km\/h) y altura de isoterma cero (m.s.n.m) estimados son:<\/p>\n\n\n\n<figure class=\"wp-block-table\"><table><tbody><tr><td colspan=\"3\"><strong>Precipitaciones<\/strong><\/td><\/tr><tr><td><strong>Zona<\/strong><\/td><td><strong>Martes 07 de mayo<\/strong><\/td><td><strong>Mi\u00e9rcoles 08 de mayo<\/strong><\/td><\/tr><tr><td>Cordillera de la costa<\/td><td>20 \u2013 30<\/td><td>&#8211;<\/td><\/tr><tr><td>Valle longitudinal<\/td><td>15 \u2013 25<\/td><td>&#8211;<\/td><\/tr><tr><td>Precordillera<\/td><td>25 \u2013 35 mm \/ 10 cm<\/td><td>&#8211;<\/td><\/tr><tr><td>Cordillera<\/td><td>25 \u2013 35 cm<\/td><td>1 \u2013 3 cm<\/td><\/tr><\/tbody><\/table><\/figure>\n\n\n\n<figure class=\"wp-block-table\"><table><tbody><tr><td colspan=\"3\"><strong>Viento<\/strong><\/td><\/tr><tr><td><strong>Zona<\/strong><\/td><td><strong>Martes 07 de mayo<\/strong><\/td><td><strong>Mi\u00e9rcoles 08 de mayo<\/strong><\/td><\/tr><tr><td>Litoral<\/td><td>25 \u2013 40<\/td><td>&#8211;<\/td><\/tr><tr><td>Cordillera de la costa<\/td><td>&#8211;<\/td><td>&#8211;<\/td><\/tr><tr><td>Valle longitudinal<\/td><td>&#8211;<\/td><td>&#8211;<\/td><\/tr><tr><td>Precordillera<\/td><td>&#8211;<\/td><td>&#8211;<\/td><\/tr><tr><td>Cordillera<\/td><td>50 (rachas de 60)<\/td><td>40<\/td><\/tr><\/tbody><\/table><\/figure>\n\n\n\n<figure class=\"wp-block-table\"><table><tbody><tr><td colspan=\"3\"><strong>Isoterma cero<\/strong><\/td><\/tr><tr><td><strong>Regi\u00f3n<\/strong><\/td><td><strong>Martes 07 de mayo<\/strong><\/td><td><strong>Mi\u00e9rcoles 08 de mayo<\/strong><\/td><\/tr><tr><td>Metropolitana<\/td><td>1.900 \u2013 1.100<\/td><td>1.100 \u2013 1.600 \u2013 3.600<\/td><\/tr><\/tbody><\/table><\/figure>\n\n\n\n<p>Asimismo, el&nbsp;<strong>Servicio Nacional de Geolog\u00eda y Miner\u00eda&nbsp;<\/strong>(SERNAGEOMIN)&nbsp;a trav\u00e9s de la actualizaci\u00f3n de su<strong>&nbsp;Minuta T\u00e9cnica por Peligro de Remociones en Masa<\/strong>, indica que la posibilidad de ocurrencia de remociones en masa es&nbsp;<strong>moderada&nbsp;<\/strong>para cordillera de la costa, valle y precordillera y&nbsp;<strong>baja&nbsp;<\/strong>para cordillera de la regi\u00f3n.<\/p>\n\n\n\n<p>En consideraci\u00f3n a estos antecedentes y en coordinaci\u00f3n con la Delegaci\u00f3n Presidencial Regional Metropolitana, la Direcci\u00f3n Regional de SENAPRED,&nbsp;<strong>actualiza la Alerta Temprana Preventiva Regional por evento meteorol\u00f3gico<\/strong>, que se mantiene vigentedesde del 05 de mayo y hasta que las condiciones del evento as\u00ed lo ameriten.<\/p>\n\n\n\n<p>La actualizaci\u00f3n de esta alerta se constituye como un estado de reforzamiento de la vigilancia, mediante el monitoreo preciso y riguroso de las condiciones de riesgo y las respectivas vulnerabilidades asociadas a la amenaza, coordinando y activando al Sistema Nacional de Prevenci\u00f3n y Respuesta ante Desastres con el fin de actuar oportunamente frente a eventuales situaciones de emergencia.<\/p>\n\n\n\n<p>Fuente: SENAPRED <\/p>\n","protected":false},"excerpt":{"rendered":"<p>Se actualiza Alerta Temprana Preventiva para la Regi\u00f3n Metropolitana por evento meteorol\u00f3gico De acuerdo con la informaci\u00f3n proporcionada por la Direcci\u00f3n Meteorol\u00f3gica de Chile (DMC), se encuentran vigentes los siguientes alertamientos meteorol\u00f3gicos para la Regi\u00f3n Metropolitana: Alertamiento Pron\u00f3stico Inicio Fin &hellip; <a href=\"https:\/\/www.rne.cl\/?p=289\">Continuar leyendo <span class=\"meta-nav\">&rarr;<\/span><\/a><\/p>\n","protected":false},"author":2,"featured_media":0,"comment_status":"closed","ping_status":"closed","sticky":false,"template":"","format":"standard","meta":{"footnotes":""},"categories":[3],"tags":[],"class_list":["post-289","post","type-post","status-publish","format-standard","hentry","category-noticias"],"_links":{"self":[{"href":"https:\/\/www.rne.cl\/index.php?rest_route=\/wp\/v2\/posts\/289","targetHints":{"allow":["GET"]}}],"collection":[{"href":"https:\/\/www.rne.cl\/index.php?rest_route=\/wp\/v2\/posts"}],"about":[{"href":"https:\/\/www.rne.cl\/index.php?rest_route=\/wp\/v2\/types\/post"}],"author":[{"embeddable":true,"href":"https:\/\/www.rne.cl\/index.php?rest_route=\/wp\/v2\/users\/2"}],"replies":[{"embeddable":true,"href":"https:\/\/www.rne.cl\/index.php?rest_route=%2Fwp%2Fv2%2Fcomments&post=289"}],"version-history":[{"count":1,"href":"https:\/\/www.rne.cl\/index.php?rest_route=\/wp\/v2\/posts\/289\/revisions"}],"predecessor-version":[{"id":290,"href":"https:\/\/www.rne.cl\/index.php?rest_route=\/wp\/v2\/posts\/289\/revisions\/290"}],"wp:attachment":[{"href":"https:\/\/www.rne.cl\/index.php?rest_route=%2Fwp%2Fv2%2Fmedia&parent=289"}],"wp:term":[{"taxonomy":"category","embeddable":true,"href":"https:\/\/www.rne.cl\/index.php?rest_route=%2Fwp%2Fv2%2Fcategories&post=289"},{"taxonomy":"post_tag","embeddable":true,"href":"https:\/\/www.rne.cl\/index.php?rest_route=%2Fwp%2Fv2%2Ftags&post=289"}],"curies":[{"name":"wp","href":"https:\/\/api.w.org\/{rel}","templated":true}]}}