{"id":298,"date":"2024-05-20T17:11:14","date_gmt":"2024-05-20T17:11:14","guid":{"rendered":"https:\/\/www.rne.cl\/?p=298"},"modified":"2024-05-20T17:25:57","modified_gmt":"2024-05-20T17:25:57","slug":"autoridades-se-reunen-en-senapred-en-el-contexto-de-las-acciones-de-preparacion-ante-nuevo-sistema-frontal","status":"publish","type":"post","link":"https:\/\/www.rne.cl\/?p=298","title":{"rendered":"Autoridades se re\u00fanen en SENAPRED en el contexto de las acciones de preparaci\u00f3n ante nuevo sistema frontal"},"content":{"rendered":"\n<p>La Direcci\u00f3n Meteorol\u00f3gica de Chile (DMC) entreg\u00f3 sus pron\u00f3sticos ante este evento que, preliminarmente, abarcar\u00e1 desde la Regi\u00f3n de Atacama hasta Ays\u00e9n.<br><br><img loading=\"lazy\" decoding=\"async\" width=\"450\" height=\"450\" class=\"wp-image-303\" style=\"width: 450px;\" src=\"https:\/\/www.rne.cl\/wp-content\/uploads\/2024\/05\/WhatsApp-Image-2024-05-20-at-1.16.25-PM.jpeg\" alt=\"\" srcset=\"https:\/\/www.rne.cl\/wp-content\/uploads\/2024\/05\/WhatsApp-Image-2024-05-20-at-1.16.25-PM.jpeg 800w, https:\/\/www.rne.cl\/wp-content\/uploads\/2024\/05\/WhatsApp-Image-2024-05-20-at-1.16.25-PM-300x300.jpeg 300w, https:\/\/www.rne.cl\/wp-content\/uploads\/2024\/05\/WhatsApp-Image-2024-05-20-at-1.16.25-PM-150x150.jpeg 150w, https:\/\/www.rne.cl\/wp-content\/uploads\/2024\/05\/WhatsApp-Image-2024-05-20-at-1.16.25-PM-768x768.jpeg 768w\" sizes=\"auto, (max-width: 450px) 100vw, 450px\" \/><\/p>\n\n\n\n<p>Esta ma\u00f1ana, representantes del Servicio Nacional de Geolog\u00eda y Miner\u00eda, la Superintendencia de Electricidad y Combustible y la Direcci\u00f3n Meteorol\u00f3gica de Chile, se reunieron en dependencias del Servicio Nacional de Prevenci\u00f3n y Respuesta ante Desastres, en una nueva mesa de coordinaci\u00f3n y seguimiento a las acciones de preparaci\u00f3n, debido al sistema frontal&nbsp; que se extender\u00e1 entre Ays\u00e9n y el sur de la Regi\u00f3n de Atacama.<\/p>\n\n\n\n<p>Posterior a la reuni\u00f3n, las autoridades realizaron un punto de prensa para entregar informaci\u00f3n actualizada sobre el pron\u00f3stico y proporcionar recomendaciones a la poblaci\u00f3n en distintas \u00e1reas.<\/p>\n\n\n\n<p>Al respecto Miguel Ortiz, Subdirector de Gesti\u00f3n de Emergencias de SENAPRED se\u00f1al\u00f3 que \u201cEstamos efectuando desde el viernes 17 de mayo un seguimiento a este evento meteorol\u00f3gico, que se extender\u00e1 en gran parte del territorio nacional, el que vendr\u00e1 acompa\u00f1ado de precipitaciones tanto en sectores de valles, cordillera y precordillera. Debido a lo anterior, ya se han declarado en los niveles regionales seis Alertas Tempranas Preventivas en el tramo comprendido entre Biob\u00edo y Valpara\u00edso\u201d.<\/p>\n\n\n\n<p>\u201cTeniendo en consideraci\u00f3n que este evento meteorol\u00f3gico se desarrollar\u00e1 en el contexto de un interferiado, en donde muchas personas se desplazar\u00e1n a distintos lugares del territorio, el llamado es a informarse por los canales oficiales, estar atentos al pron\u00f3stico del tiempo, no exponerse innecesariamente a situaciones de riesgo y evitar concurrir a sectores cordilleranos\u201d, indic\u00f3 Ortiz.<\/p>\n\n\n\n<p>En cuanto al escenario meteorol\u00f3gico, Andr\u00e9s Moncada, Meteor\u00f3logo del Centro Nacional de An\u00e1lisis DMC, explic\u00f3 que \u201ca partir del d\u00eda de hoy, comienza a ingresar un sistema frontal, en primera instancia, a la zona sur de nuestro pa\u00eds, que afectar\u00eda con precipitaciones hasta la regi\u00f3n del Araucan\u00eda. Mientras que el d\u00eda de ma\u00f1ana, lunes, las precipitaciones comenzar\u00edan a desplazarse hacia la zona central, espec\u00edficamente, hacia el final del d\u00eda lunes\u201d.<\/p>\n\n\n\n<p>\u201cAc\u00e1 en Santiago, particularmente, la mayor concentraci\u00f3n de precipitaci\u00f3n se va a dar entre la tarde del d\u00eda lunes y la madrugada del d\u00eda martes (\u2026) El d\u00eda jueves estamos esperando un nuevo sistema frontal, el cual presenta caracter\u00edsticas m\u00e1s c\u00e1lidas, por lo tanto, la isoterma cero va a tender a aumentar ligeramente. De manera que va a precipitar agua l\u00edquida en sectores donde horas previas precipit\u00f3 de manera s\u00f3lida, de tipo nieve\u201d, manifest\u00f3 el meteor\u00f3logo.<\/p>\n\n\n\n<p>Asimismo, ante la posibilidad de remoci\u00f3n en masa producto de este sistema frontal, Patricio Aguilera, director del Servicio Nacional de Geolog\u00eda y Miner\u00eda (Sernageomin), declar\u00f3 que \u201clas condiciones de remoci\u00f3n en masas son, en general, de moderadas a baja. S\u00f3lo son de posibilidad alta, en la precordillera de la Regi\u00f3n Metropolitana y la precordillera de la Regi\u00f3n de O\u2019Higgins, por eso el llamado es a evitar que se circule o transite por esos lugares\u201d, manifest\u00f3 la autoridad del organismo t\u00e9cnico.<\/p>\n\n\n\n<p>Por \u00faltimo, las autoridades reiteraron el llamado a la comunidad a evitar situaciones de riesgo. Adem\u00e1s de indicar que los organismos del Sistema Nacional de Prevenci\u00f3n y Respuesta ante Desastres mantendr\u00e1n un monitoreo permanente producto de este sistema frontal, activ\u00e1ndose los cursos de acci\u00f3n establecidos en caso de una eventual emergencia.<\/p>\n\n\n\n<p>fuente: SENAPRED <\/p>\n","protected":false},"excerpt":{"rendered":"<p>La Direcci\u00f3n Meteorol\u00f3gica de Chile (DMC) entreg\u00f3 sus pron\u00f3sticos ante este evento que, preliminarmente, abarcar\u00e1 desde la Regi\u00f3n de Atacama hasta Ays\u00e9n. Esta ma\u00f1ana, representantes del Servicio Nacional de Geolog\u00eda y Miner\u00eda, la Superintendencia de Electricidad y Combustible y la &hellip; <a href=\"https:\/\/www.rne.cl\/?p=298\">Continuar leyendo <span class=\"meta-nav\">&rarr;<\/span><\/a><\/p>\n","protected":false},"author":2,"featured_media":0,"comment_status":"closed","ping_status":"closed","sticky":false,"template":"","format":"standard","meta":{"footnotes":""},"categories":[3],"tags":[],"class_list":["post-298","post","type-post","status-publish","format-standard","hentry","category-noticias"],"_links":{"self":[{"href":"https:\/\/www.rne.cl\/index.php?rest_route=\/wp\/v2\/posts\/298","targetHints":{"allow":["GET"]}}],"collection":[{"href":"https:\/\/www.rne.cl\/index.php?rest_route=\/wp\/v2\/posts"}],"about":[{"href":"https:\/\/www.rne.cl\/index.php?rest_route=\/wp\/v2\/types\/post"}],"author":[{"embeddable":true,"href":"https:\/\/www.rne.cl\/index.php?rest_route=\/wp\/v2\/users\/2"}],"replies":[{"embeddable":true,"href":"https:\/\/www.rne.cl\/index.php?rest_route=%2Fwp%2Fv2%2Fcomments&post=298"}],"version-history":[{"count":6,"href":"https:\/\/www.rne.cl\/index.php?rest_route=\/wp\/v2\/posts\/298\/revisions"}],"predecessor-version":[{"id":307,"href":"https:\/\/www.rne.cl\/index.php?rest_route=\/wp\/v2\/posts\/298\/revisions\/307"}],"wp:attachment":[{"href":"https:\/\/www.rne.cl\/index.php?rest_route=%2Fwp%2Fv2%2Fmedia&parent=298"}],"wp:term":[{"taxonomy":"category","embeddable":true,"href":"https:\/\/www.rne.cl\/index.php?rest_route=%2Fwp%2Fv2%2Fcategories&post=298"},{"taxonomy":"post_tag","embeddable":true,"href":"https:\/\/www.rne.cl\/index.php?rest_route=%2Fwp%2Fv2%2Ftags&post=298"}],"curies":[{"name":"wp","href":"https:\/\/api.w.org\/{rel}","templated":true}]}}