{"id":394,"date":"2024-07-22T13:39:42","date_gmt":"2024-07-22T13:39:42","guid":{"rendered":"https:\/\/www.rne.cl\/?p=394"},"modified":"2024-07-22T13:39:42","modified_gmt":"2024-07-22T13:39:42","slug":"se-registra-pulso-de-cenizas-del-volcan-villarrica-habia-personas-esquiando-en-el-lugar-fuente-t13-21-de-julio-2024","status":"publish","type":"post","link":"https:\/\/www.rne.cl\/?p=394","title":{"rendered":"Se registra pulso de cenizas del volc\u00e1n Villarrica: Hab\u00eda personas esquiando en el lugar \/ Fuente: T13 \/ 21 de Julio 2024"},"content":{"rendered":"\n<figure class=\"wp-block-image size-full\"><img loading=\"lazy\" decoding=\"async\" width=\"845\" height=\"475\" src=\"https:\/\/www.rne.cl\/wp-content\/uploads\/2024\/07\/image-7.png\" alt=\"\" class=\"wp-image-395\" srcset=\"https:\/\/www.rne.cl\/wp-content\/uploads\/2024\/07\/image-7.png 845w, https:\/\/www.rne.cl\/wp-content\/uploads\/2024\/07\/image-7-300x169.png 300w, https:\/\/www.rne.cl\/wp-content\/uploads\/2024\/07\/image-7-768x432.png 768w, https:\/\/www.rne.cl\/wp-content\/uploads\/2024\/07\/image-7-500x281.png 500w\" sizes=\"auto, (max-width: 845px) 100vw, 845px\" \/><\/figure>\n\n\n\n<p><strong>Desde Sernageomin mencionaron que hay un per\u00edmetro de seguridad en torno a 1.500 metros en torno al cr\u00e1ter.<\/strong><\/p>\n\n\n\n<p>En la tarde de este domingo se registr\u00f3 un sismo y emisi\u00f3n de cenizas desde el&nbsp;<strong>volc\u00e1n Villarrica<\/strong>: Video muestra que hab\u00eda personas esquiando en el lugar.<\/p>\n\n\n\n<p>De acuerdo con informaci\u00f3n entregada por el&nbsp;<strong>Sernageomin<\/strong>, \u201cla emisi\u00f3n de material pirocl\u00e1stico comenz\u00f3 a las 13:46 horas y un segundo pulso consecutivo se registr\u00f3 a las 13:49 el cual tiene asociado el evento de largo periodo descrito. Ambos pulsos tuvieron una dispersi\u00f3n preferente en direcci\u00f3n noreste (NE)\u201d.<\/p>\n\n\n\n<p>En la tarde de este domingo se registr\u00f3 un sismo y emisi\u00f3n de cenizas desde el&nbsp;<strong>volc\u00e1n Villarrica<\/strong>: Video muestra que hab\u00eda personas esquiando en el lugar.<\/p>\n\n\n\n<p>De acuerdo con informaci\u00f3n entregada por el&nbsp;<strong>Sernageomin<\/strong>, \u201cla emisi\u00f3n de material pirocl\u00e1stico comenz\u00f3 a las 13:46 horas y un segundo pulso consecutivo se registr\u00f3 a las 13:49 el cual tiene asociado el evento de largo periodo descrito. Ambos pulsos tuvieron una dispersi\u00f3n preferente en direcci\u00f3n noreste (NE)\u201d.<\/p>\n\n\n\n<p>Pedro Berr\u00edos, jefe oficina de gesti\u00f3n de emergencias Sernageomin, dijo \u201ccabe recordar que el volc\u00e1n Villarrica se encuentra en alerta t\u00e9cnica amarilla y es esperado que sucedan cada cierto tiempo este tipo de actividades\u201d.\u00a0<\/p>\n\n\n\n<p>\u201cPor lo mismo, tambi\u00e9n recordar que existe un per\u00edmetro de seguridad en torno a 1.500 metros en torno al cr\u00e1ter y es sumamente importante seguir siempre las indicaciones de las autoridades locales y las instituciones oficiales de emergencia\u201d, concluy\u00f3.<\/p>\n\n\n\n<p><\/p>\n","protected":false},"excerpt":{"rendered":"<p>Desde Sernageomin mencionaron que hay un per\u00edmetro de seguridad en torno a 1.500 metros en torno al cr\u00e1ter. En la tarde de este domingo se registr\u00f3 un sismo y emisi\u00f3n de cenizas desde el&nbsp;volc\u00e1n Villarrica: Video muestra que hab\u00eda personas &hellip; <a href=\"https:\/\/www.rne.cl\/?p=394\">Continuar leyendo <span class=\"meta-nav\">&rarr;<\/span><\/a><\/p>\n","protected":false},"author":4,"featured_media":0,"comment_status":"closed","ping_status":"closed","sticky":false,"template":"","format":"standard","meta":{"footnotes":""},"categories":[3],"tags":[],"class_list":["post-394","post","type-post","status-publish","format-standard","hentry","category-noticias"],"_links":{"self":[{"href":"https:\/\/www.rne.cl\/index.php?rest_route=\/wp\/v2\/posts\/394","targetHints":{"allow":["GET"]}}],"collection":[{"href":"https:\/\/www.rne.cl\/index.php?rest_route=\/wp\/v2\/posts"}],"about":[{"href":"https:\/\/www.rne.cl\/index.php?rest_route=\/wp\/v2\/types\/post"}],"author":[{"embeddable":true,"href":"https:\/\/www.rne.cl\/index.php?rest_route=\/wp\/v2\/users\/4"}],"replies":[{"embeddable":true,"href":"https:\/\/www.rne.cl\/index.php?rest_route=%2Fwp%2Fv2%2Fcomments&post=394"}],"version-history":[{"count":1,"href":"https:\/\/www.rne.cl\/index.php?rest_route=\/wp\/v2\/posts\/394\/revisions"}],"predecessor-version":[{"id":396,"href":"https:\/\/www.rne.cl\/index.php?rest_route=\/wp\/v2\/posts\/394\/revisions\/396"}],"wp:attachment":[{"href":"https:\/\/www.rne.cl\/index.php?rest_route=%2Fwp%2Fv2%2Fmedia&parent=394"}],"wp:term":[{"taxonomy":"category","embeddable":true,"href":"https:\/\/www.rne.cl\/index.php?rest_route=%2Fwp%2Fv2%2Fcategories&post=394"},{"taxonomy":"post_tag","embeddable":true,"href":"https:\/\/www.rne.cl\/index.php?rest_route=%2Fwp%2Fv2%2Ftags&post=394"}],"curies":[{"name":"wp","href":"https:\/\/api.w.org\/{rel}","templated":true}]}}