{"id":413,"date":"2024-09-25T13:31:46","date_gmt":"2024-09-25T13:31:46","guid":{"rendered":"https:\/\/www.rne.cl\/?p=413"},"modified":"2024-09-25T13:31:46","modified_gmt":"2024-09-25T13:31:46","slug":"nuble-se-prepara-simulacro-regional-de-sismo-y-tsunami-movilizara-a-toda-la-comunidad-educativa-fuente-senapred-fecha-23-de-septiembre-2024","status":"publish","type":"post","link":"https:\/\/www.rne.cl\/?p=413","title":{"rendered":"\u00d1uble se prepara: simulacro regional de sismo y tsunami movilizar\u00e1 a toda la comunidad educativa \/ Fuente: SENAPRED \/ Fecha: 23 de Septiembre 2024"},"content":{"rendered":"\n<figure class=\"wp-block-image size-large\"><img loading=\"lazy\" decoding=\"async\" width=\"1024\" height=\"569\" src=\"https:\/\/www.rne.cl\/wp-content\/uploads\/2024\/09\/image-1-1024x569.png\" alt=\"\" class=\"wp-image-414\" srcset=\"https:\/\/www.rne.cl\/wp-content\/uploads\/2024\/09\/image-1-1024x569.png 1024w, https:\/\/www.rne.cl\/wp-content\/uploads\/2024\/09\/image-1-300x167.png 300w, https:\/\/www.rne.cl\/wp-content\/uploads\/2024\/09\/image-1-768x427.png 768w, https:\/\/www.rne.cl\/wp-content\/uploads\/2024\/09\/image-1-500x278.png 500w, https:\/\/www.rne.cl\/wp-content\/uploads\/2024\/09\/image-1.png 1080w\" sizes=\"auto, (max-width: 1024px) 100vw, 1024px\" \/><\/figure>\n\n\n\n<p>Durante esta ma\u00f1ana, el Delegado Presidencial para la Regi\u00f3n de \u00d1uble, Rodrigo Garc\u00eda; junto al Seremi de Educaci\u00f3n, C\u00e9sar Riquelme; y la Directora Regional de SENAPRED, Gilda Grand\u00f3n; anunciaron los detalles del Simulacro de Sismo y Tsunami para el Sector Educaci\u00f3n de la Regi\u00f3n de \u00d1uble, que se realizar\u00e1 el pr\u00f3ximo jueves 03 de octubre a las 11:00 horas. Este ejercicio involucrar\u00e1 a todos los establecimientos educacionales, desde nivel parvulario hasta educaci\u00f3n superior, de las 21 comunas de la regi\u00f3n, incluidas Cobquecura, Trehuaco y Coelemu, donde adicionalmente por su ubicaci\u00f3n en borde costero se pondr\u00e1n a prueba los planes de evacuaci\u00f3n por riesgo de tsunami.&nbsp;<\/p>\n\n\n\n<p>El objetivo principal del simulacro es entrenar los protocolos de evacuaci\u00f3n ante sismos y tsunamis, asegurando que los establecimientos cuenten con planes actualizados para proteger a sus comunidades. Ser\u00e1 el segundo simulacro de este tipo en la regi\u00f3n, complementando los dos ejercicios anteriores realizados por riesgo volc\u00e1nico.&nbsp;<\/p>\n\n\n\n<p><strong>Parte del programa \u201cChile Preparado\u201d<\/strong>&nbsp;<\/p>\n\n\n\n<p>Este simulacro forma parte del programa \u201cChile Preparado\u201d de SENAPRED, que desde 2011 ha movilizado a m\u00e1s de 13 millones de personas en todo el pa\u00eds, fortaleciendo la cultura de prevenci\u00f3n y autocuidado ante emergencias.&nbsp;<\/p>\n\n\n\n<p><strong>Medidas inclusivas<\/strong>&nbsp;<\/p>\n\n\n\n<p>El ejercicio evaluar\u00e1 la preparaci\u00f3n inclusiva, la organizaci\u00f3n de la comunidad educativa y los tiempos de evacuaci\u00f3n. Los establecimientos con estudiantes en situaci\u00f3n de discapacidad deber\u00e1n implementar mecanismos como rampas, alarmas visuales y audibles, y contar con un kit de emergencia adaptado a sus necesidades.&nbsp;<\/p>\n\n\n\n<p><strong>Recomendaciones para los establecimientos<\/strong>&nbsp;<\/p>\n\n\n\n<p>SENAPRED recomienda que los establecimientos revisen y actualicen sus planes de emergencia y rutas de evacuaci\u00f3n, asegur\u00e1ndose de que las zonas de seguridad est\u00e9n claramente se\u00f1alizadas, especialmente en las \u00e1reas costeras.&nbsp;<\/p>\n\n\n\n<p><strong>Activaci\u00f3n del simulacro<\/strong>&nbsp;<\/p>\n\n\n\n<p>El simulacro se activar\u00e1 mediante los sistemas sonoros de cada establecimiento, por lo cual no se utilizar\u00e1 el Sistema de Alerta de Emergencias (SAE). Lo anterior, permitir\u00e1 poner a prueba los protocolos de evacuaci\u00f3n y movilizar a la comunidad educativa hacia zonas seguras.&nbsp;<\/p>\n\n\n\n<p><a href=\"https:\/\/web.senapred.cl\/simulacros_t\/region-e-nuble-sector-educacion-2024\/\"><strong>SENAPRED&nbsp;<\/strong>invita a todos los establecimientos de la regi\u00f3n a inscribirse en el minisitio habilitado para registrar su participaci\u00f3n y acceder a material de apoyo.<\/a>&nbsp;Este ejercicio es crucial para fortalecer la capacidad de respuesta ante emergencias y garantizar la seguridad de la comunidad educativa.&nbsp;<\/p>\n\n\n\n<p><\/p>\n","protected":false},"excerpt":{"rendered":"<p>Durante esta ma\u00f1ana, el Delegado Presidencial para la Regi\u00f3n de \u00d1uble, Rodrigo Garc\u00eda; junto al Seremi de Educaci\u00f3n, C\u00e9sar Riquelme; y la Directora Regional de SENAPRED, Gilda Grand\u00f3n; anunciaron los detalles del Simulacro de Sismo y Tsunami para el Sector &hellip; <a href=\"https:\/\/www.rne.cl\/?p=413\">Continuar leyendo <span class=\"meta-nav\">&rarr;<\/span><\/a><\/p>\n","protected":false},"author":4,"featured_media":0,"comment_status":"closed","ping_status":"closed","sticky":false,"template":"","format":"standard","meta":{"footnotes":""},"categories":[3],"tags":[],"class_list":["post-413","post","type-post","status-publish","format-standard","hentry","category-noticias"],"_links":{"self":[{"href":"https:\/\/www.rne.cl\/index.php?rest_route=\/wp\/v2\/posts\/413","targetHints":{"allow":["GET"]}}],"collection":[{"href":"https:\/\/www.rne.cl\/index.php?rest_route=\/wp\/v2\/posts"}],"about":[{"href":"https:\/\/www.rne.cl\/index.php?rest_route=\/wp\/v2\/types\/post"}],"author":[{"embeddable":true,"href":"https:\/\/www.rne.cl\/index.php?rest_route=\/wp\/v2\/users\/4"}],"replies":[{"embeddable":true,"href":"https:\/\/www.rne.cl\/index.php?rest_route=%2Fwp%2Fv2%2Fcomments&post=413"}],"version-history":[{"count":1,"href":"https:\/\/www.rne.cl\/index.php?rest_route=\/wp\/v2\/posts\/413\/revisions"}],"predecessor-version":[{"id":415,"href":"https:\/\/www.rne.cl\/index.php?rest_route=\/wp\/v2\/posts\/413\/revisions\/415"}],"wp:attachment":[{"href":"https:\/\/www.rne.cl\/index.php?rest_route=%2Fwp%2Fv2%2Fmedia&parent=413"}],"wp:term":[{"taxonomy":"category","embeddable":true,"href":"https:\/\/www.rne.cl\/index.php?rest_route=%2Fwp%2Fv2%2Fcategories&post=413"},{"taxonomy":"post_tag","embeddable":true,"href":"https:\/\/www.rne.cl\/index.php?rest_route=%2Fwp%2Fv2%2Ftags&post=413"}],"curies":[{"name":"wp","href":"https:\/\/api.w.org\/{rel}","templated":true}]}}