{"id":416,"date":"2024-09-25T13:38:56","date_gmt":"2024-09-25T13:38:56","guid":{"rendered":"https:\/\/www.rne.cl\/?p=416"},"modified":"2024-09-25T13:38:56","modified_gmt":"2024-09-25T13:38:56","slug":"presentaran-un-mapa-de-riesgo-ante-eventuales-emergencias-por-el-volcan-michinmahuida-la-emision-de-lahares-podria-alcanzar-grandes-proporciones-fuente-radios-regionales-fecha","status":"publish","type":"post","link":"https:\/\/www.rne.cl\/?p=416","title":{"rendered":"Presentar\u00e1n un \u201cmapa de riesgo\u201d ante eventuales emergencias por el Volc\u00e1n Michinmahuida. La emisi\u00f3n de lahares podr\u00eda alcanzar grandes proporciones. \/ Fuente: Radios Regionales \/ Fecha: 23 de Septiembre 2024"},"content":{"rendered":"\n<figure class=\"wp-block-image size-large\"><img loading=\"lazy\" decoding=\"async\" width=\"1024\" height=\"581\" src=\"https:\/\/www.rne.cl\/wp-content\/uploads\/2024\/09\/image-2-1024x581.png\" alt=\"\" class=\"wp-image-417\" srcset=\"https:\/\/www.rne.cl\/wp-content\/uploads\/2024\/09\/image-2-1024x581.png 1024w, https:\/\/www.rne.cl\/wp-content\/uploads\/2024\/09\/image-2-300x170.png 300w, https:\/\/www.rne.cl\/wp-content\/uploads\/2024\/09\/image-2-768x435.png 768w, https:\/\/www.rne.cl\/wp-content\/uploads\/2024\/09\/image-2-500x283.png 500w, https:\/\/www.rne.cl\/wp-content\/uploads\/2024\/09\/image-2.png 1270w\" sizes=\"auto, (max-width: 1024px) 100vw, 1024px\" \/><\/figure>\n\n\n\n<p>En la&nbsp;<a href=\"https:\/\/radiosregionales.cl\/radios\/site\/cache\/search\/pags\/search17271212571650752.html\" target=\"_blank\" rel=\"noreferrer noopener\">regi\u00f3n de Los Lagos<\/a>, durante las pr\u00f3ximas semanas, se presentar\u00e1 el \u201c<strong>Mapa de riesgo del Volc\u00e1n Michinmahuida<\/strong>\u201d, esto con el prop\u00f3sito de ser un punto de referencia ante&nbsp;<strong>posibles emergencias<\/strong>.<\/p>\n\n\n\n<p>De acuerdo con los antecedentes que entrega Sernageomin,&nbsp;<strong>la estructura geol\u00f3gica alcanza una altura de 2.405 metros<\/strong>&nbsp;y presenta un volumen estimado de 73 kil\u00f3metros c\u00fabicos. Adem\u00e1s, pertenece a la<strong>&nbsp;comuna de Chait\u00e9n<\/strong>&nbsp;y en sus cercan\u00edas se encuentran tambi\u00e9n los<strong>&nbsp;poblados de El Amarillo y Futaleuf\u00fa<\/strong>.<\/p>\n\n\n\n<p>Los estudios indican que&nbsp;<strong>su \u00faltima erupci\u00f3n mayor<\/strong>&nbsp;ocurri\u00f3 durante el&nbsp;<strong>siglo XVII<\/strong>, lo cual hace suponer que dentro de sus peligros asociados, son la&nbsp;<strong>emisi\u00f3n de lava, generaci\u00f3n de flujos pirocl\u00e1sticos y lahares<\/strong>. Esto \u00faltimo,&nbsp;<strong>una mezcla de agua y rocas<\/strong>&nbsp;que fluye por las laderas,&nbsp;<strong>podr\u00eda alcanzar grandes proporciones<\/strong>&nbsp;\u201cproducto de la potente cobertura glaciar que existe en la cumbre\u201d.<\/p>\n\n\n\n<p>Los expertos indican que el<strong>&nbsp;Michinmahuida<\/strong>&nbsp;y el&nbsp;<strong>Chait\u00e9n<\/strong>, cuya distancia alcanza los 20 kil\u00f3metros, no tienen relaci\u00f3n entre s\u00ed, pero&nbsp;<strong>el primero tiene una mayor peligrosidad que el segundo<\/strong>, recordando que este entr\u00f3 en erupci\u00f3n hace ya 16 a\u00f1os.<\/p>\n\n\n\n<p>Por esta raz\u00f3n, a mediados de octubre, las autoridades presentar\u00e1n a la comunidad local el mapa de riesgo enfocado en el&nbsp;<strong><a href=\"https:\/\/rnvv.sernageomin.cl\/volcan-michinmahuida\/\" target=\"_blank\" rel=\"noreferrer noopener\">Volc\u00e1n Michinmahuida<\/a><\/strong>, buscando garantizar una evacuaci\u00f3n r\u00e1pida y reducir los impactos de una posible erupci\u00f3n. Cabe destacar que por ahora no significa una amenaza.<\/p>\n","protected":false},"excerpt":{"rendered":"<p>En la&nbsp;regi\u00f3n de Los Lagos, durante las pr\u00f3ximas semanas, se presentar\u00e1 el \u201cMapa de riesgo del Volc\u00e1n Michinmahuida\u201d, esto con el prop\u00f3sito de ser un punto de referencia ante&nbsp;posibles emergencias. De acuerdo con los antecedentes que entrega Sernageomin,&nbsp;la estructura geol\u00f3gica &hellip; <a href=\"https:\/\/www.rne.cl\/?p=416\">Continuar leyendo <span class=\"meta-nav\">&rarr;<\/span><\/a><\/p>\n","protected":false},"author":4,"featured_media":0,"comment_status":"closed","ping_status":"closed","sticky":false,"template":"","format":"standard","meta":{"footnotes":""},"categories":[3],"tags":[],"class_list":["post-416","post","type-post","status-publish","format-standard","hentry","category-noticias"],"_links":{"self":[{"href":"https:\/\/www.rne.cl\/index.php?rest_route=\/wp\/v2\/posts\/416","targetHints":{"allow":["GET"]}}],"collection":[{"href":"https:\/\/www.rne.cl\/index.php?rest_route=\/wp\/v2\/posts"}],"about":[{"href":"https:\/\/www.rne.cl\/index.php?rest_route=\/wp\/v2\/types\/post"}],"author":[{"embeddable":true,"href":"https:\/\/www.rne.cl\/index.php?rest_route=\/wp\/v2\/users\/4"}],"replies":[{"embeddable":true,"href":"https:\/\/www.rne.cl\/index.php?rest_route=%2Fwp%2Fv2%2Fcomments&post=416"}],"version-history":[{"count":1,"href":"https:\/\/www.rne.cl\/index.php?rest_route=\/wp\/v2\/posts\/416\/revisions"}],"predecessor-version":[{"id":418,"href":"https:\/\/www.rne.cl\/index.php?rest_route=\/wp\/v2\/posts\/416\/revisions\/418"}],"wp:attachment":[{"href":"https:\/\/www.rne.cl\/index.php?rest_route=%2Fwp%2Fv2%2Fmedia&parent=416"}],"wp:term":[{"taxonomy":"category","embeddable":true,"href":"https:\/\/www.rne.cl\/index.php?rest_route=%2Fwp%2Fv2%2Fcategories&post=416"},{"taxonomy":"post_tag","embeddable":true,"href":"https:\/\/www.rne.cl\/index.php?rest_route=%2Fwp%2Fv2%2Ftags&post=416"}],"curies":[{"name":"wp","href":"https:\/\/api.w.org\/{rel}","templated":true}]}}