{"id":419,"date":"2024-09-25T14:13:00","date_gmt":"2024-09-25T14:13:00","guid":{"rendered":"https:\/\/www.rne.cl\/?p=419"},"modified":"2024-09-25T14:13:00","modified_gmt":"2024-09-25T14:13:00","slug":"i-simposio-de-fallas-activas-y-riesgos-geologicos-en-chile-fuente-departamento-de-ingenieria-estructural-y-geotecnica-escuela-de-ingenieria-pontificia-universidad-catolica-de-chile-viernes-27-d","status":"publish","type":"post","link":"https:\/\/www.rne.cl\/?p=419","title":{"rendered":"I Simposio de Fallas Activas y Riesgos Geol\u00f3gicos en Chile \/ Fuente: Departamento de Ingenier\u00eda Estructural y Geot\u00e9cnica \/ Escuela de Ingenier\u00eda Pontificia Universidad Cat\u00f3lica de Chile \/ Viernes 27 de Septiembre de 2024"},"content":{"rendered":"\n<figure class=\"wp-block-image size-full\"><img loading=\"lazy\" decoding=\"async\" width=\"1024\" height=\"562\" src=\"https:\/\/www.rne.cl\/wp-content\/uploads\/2024\/09\/image-3.png\" alt=\"\" class=\"wp-image-420\" srcset=\"https:\/\/www.rne.cl\/wp-content\/uploads\/2024\/09\/image-3.png 1024w, https:\/\/www.rne.cl\/wp-content\/uploads\/2024\/09\/image-3-300x165.png 300w, https:\/\/www.rne.cl\/wp-content\/uploads\/2024\/09\/image-3-768x422.png 768w, https:\/\/www.rne.cl\/wp-content\/uploads\/2024\/09\/image-3-500x274.png 500w\" sizes=\"auto, (max-width: 1024px) 100vw, 1024px\" \/><\/figure>\n\n\n\n<h5 class=\"wp-block-heading\">\u00a1Te invitamos a ser parte del primer Simposio de Fallas Activas y Riesgos Geol\u00f3gicos en Chile! \u00c9ste se centrar\u00e1 en la discusi\u00f3n, caracterizaci\u00f3n y evaluaci\u00f3n de las fallas geol\u00f3gicas sismog\u00e9nicas y potencialmente activas en Chile, as\u00ed como en su impacto en la sismicidad del pa\u00eds y la ordenanza territorial.<\/h5>\n\n\n\n<p>El evento se realizar\u00e1 el viernes 27 de septiembre, a partir de las 09:30 horas, en el Auditorio San Agust\u00edn del Campus San Joaqu\u00edn UC. Organizado por la Pontificia Universidad Cat\u00f3lica de Chile (PUC) y el Servicio Nacional de Geolog\u00eda y Miner\u00eda (Sernageomin), este encuentro reunir\u00e1 a destacados investigadores, autoridades y la comunidad cient\u00edfica para compartir conocimientos y experiencias. La participaci\u00f3n es&nbsp;<strong>gratuita<\/strong>, pero los&nbsp;<strong>cupos son limitados<\/strong>. \u00a1No te pierdas esta oportunidad y asegura tu lugar completando el formulario de inscripci\u00f3n al final de la p\u00e1gina! A continuaci\u00f3n, puedes ver el programa de actividades del evento:<\/p>\n\n\n\n<figure class=\"wp-block-image\"><img decoding=\"async\" src=\"https:\/\/www.ing.uc.cl\/estructural-y-geotecnica\/wp-content\/uploads\/2024\/08\/Programa-Simposio.png\" alt=\"\" class=\"wp-image-5069\" \/><\/figure>\n\n\n\n<p>El objetivo principal del simposio es fortalecer la colaboraci\u00f3n de la comunidad de geociencias en Chile y transmitir el conocimiento a la comunidad y a las autoridades. El simposio es organizado por la Pontificia Universidad Cat\u00f3lica de Chile (PUC) y el Servicio Nacional de Geolog\u00eda y Miner\u00eda (Sernageomin).<\/p>\n\n\n\n<p>Las presentaciones principales ser\u00e1n dadas por expertos en temas solicitados dentro tem\u00e1ticas que abordan de manera integral desde procesos geol\u00f3gicos, monitoreo al peligro asociado a las fallas corticales en Chile. Las presentaciones ser\u00e1n de 15 minutos m\u00e1s 5 minutos de preguntas. Adem\u00e1s, habr\u00e1 charlas abiertas a postulaci\u00f3n por parte de los interesados de 5 minutos cada una. Revisa&nbsp;<a href=\"https:\/\/www.ing.uc.cl\/estructural-y-geotecnica\/wp-content\/uploads\/2024\/08\/I-Simposio-de-Fallas-Activas-y-sus-Riesgos-Geologicos-en-Chile.pdf\" target=\"_blank\" rel=\"noreferrer noopener\">aqu\u00ed<\/a>&nbsp;el programa detallado.<\/p>\n\n\n\n<p><strong>Comit\u00e9 Organizador\u202f<\/strong>&nbsp;<\/p>\n\n\n\n<ul class=\"wp-block-list\">\n<li>Dr. Marcos Moreno, Profesor Asistente, Escuela de Ingenier\u00eda, UC.<\/li>\n\n\n\n<li>Dr.\u00a0Felipe Espinoza,\u00a0Subdirector Nacional de Geolog\u00eda (S),\u00a0Sernageomin\u00a0<\/li>\n\n\n\n<li>Dra.\u00a0Paulina V\u00e1squez,\u00a0Ge\u00f3loga Unidad de Geolog\u00eda Regional, Sernageomin\u00a0<\/li>\n\n\n\n<li>\u00c1ngela Burgos, Estudiante de Doctorado en Ciencias de la Ingenier\u00eda, UC.<\/li>\n\n\n\n<li>Mag (c).\u00a0Natalia Sep\u00falveda,\u00a0Ge\u00f3loga Unidad de Asistencia T\u00e9cnicas y Emergencias Geol\u00f3gicas,\u00a0Sernageomin\u00a0<\/li>\n\n\n\n<li>Dr. Jorge Crempien, Profesor Asistente, Escuela de Ingenier\u00eda, UC.<\/li>\n\n\n\n<li>Mar\u00eda del Pilar Gajardo, Jefe de Proyectos y Gesti\u00f3n, Escuela de Ingenier\u00eda, UC.<br><\/li>\n<\/ul>\n\n\n\n<p>Busca aqu\u00ed formulario de inscripci\u00f3n:  <a href=\"https:\/\/www.ing.uc.cl\/estructural-y-geotecnica\/simposio-fallas-activas\/\">https:\/\/www.ing.uc.cl\/estructural-y-geotecnica\/simposio-fallas-activas\/<\/a><\/p>\n\n\n\n<p><\/p>\n","protected":false},"excerpt":{"rendered":"<p>\u00a1Te invitamos a ser parte del primer Simposio de Fallas Activas y Riesgos Geol\u00f3gicos en Chile! \u00c9ste se centrar\u00e1 en la discusi\u00f3n, caracterizaci\u00f3n y evaluaci\u00f3n de las fallas geol\u00f3gicas sismog\u00e9nicas y potencialmente activas en Chile, as\u00ed como en su impacto &hellip; <a href=\"https:\/\/www.rne.cl\/?p=419\">Continuar leyendo <span class=\"meta-nav\">&rarr;<\/span><\/a><\/p>\n","protected":false},"author":4,"featured_media":0,"comment_status":"closed","ping_status":"closed","sticky":false,"template":"","format":"standard","meta":{"footnotes":""},"categories":[3],"tags":[],"class_list":["post-419","post","type-post","status-publish","format-standard","hentry","category-noticias"],"_links":{"self":[{"href":"https:\/\/www.rne.cl\/index.php?rest_route=\/wp\/v2\/posts\/419","targetHints":{"allow":["GET"]}}],"collection":[{"href":"https:\/\/www.rne.cl\/index.php?rest_route=\/wp\/v2\/posts"}],"about":[{"href":"https:\/\/www.rne.cl\/index.php?rest_route=\/wp\/v2\/types\/post"}],"author":[{"embeddable":true,"href":"https:\/\/www.rne.cl\/index.php?rest_route=\/wp\/v2\/users\/4"}],"replies":[{"embeddable":true,"href":"https:\/\/www.rne.cl\/index.php?rest_route=%2Fwp%2Fv2%2Fcomments&post=419"}],"version-history":[{"count":1,"href":"https:\/\/www.rne.cl\/index.php?rest_route=\/wp\/v2\/posts\/419\/revisions"}],"predecessor-version":[{"id":421,"href":"https:\/\/www.rne.cl\/index.php?rest_route=\/wp\/v2\/posts\/419\/revisions\/421"}],"wp:attachment":[{"href":"https:\/\/www.rne.cl\/index.php?rest_route=%2Fwp%2Fv2%2Fmedia&parent=419"}],"wp:term":[{"taxonomy":"category","embeddable":true,"href":"https:\/\/www.rne.cl\/index.php?rest_route=%2Fwp%2Fv2%2Fcategories&post=419"},{"taxonomy":"post_tag","embeddable":true,"href":"https:\/\/www.rne.cl\/index.php?rest_route=%2Fwp%2Fv2%2Ftags&post=419"}],"curies":[{"name":"wp","href":"https:\/\/api.w.org\/{rel}","templated":true}]}}