{"id":426,"date":"2024-09-26T18:35:14","date_gmt":"2024-09-26T18:35:14","guid":{"rendered":"https:\/\/www.rne.cl\/?p=426"},"modified":"2024-09-26T18:35:14","modified_gmt":"2024-09-26T18:35:14","slug":"servicio-de-salud-inicia-instalacion-de-equipos-de-radiocomunicacion-en-hospitales-y-dispositivos-de-emergencia-fuente-el-rancaguino-fecha-25-de-septiembre-de-2024-por-redaccion-el-ranc","status":"publish","type":"post","link":"https:\/\/www.rne.cl\/?p=426","title":{"rendered":"Servicio de Salud \u00a0inicia instalaci\u00f3n de equipos de radiocomunicaci\u00f3n en hospitales y dispositivos de emergencia \/ Fuente: El Rancag\u00fcino \/ Fecha: 25 de Septiembre de 2024 \/ Por: Redacci\u00f3n El Rancag\u00fcino"},"content":{"rendered":"\n<figure class=\"wp-block-image size-large\"><img loading=\"lazy\" decoding=\"async\" width=\"768\" height=\"1024\" src=\"https:\/\/www.rne.cl\/wp-content\/uploads\/2024\/09\/image-5-768x1024.png\" alt=\"\" class=\"wp-image-427\" srcset=\"https:\/\/www.rne.cl\/wp-content\/uploads\/2024\/09\/image-5-768x1024.png 768w, https:\/\/www.rne.cl\/wp-content\/uploads\/2024\/09\/image-5-225x300.png 225w, https:\/\/www.rne.cl\/wp-content\/uploads\/2024\/09\/image-5.png 960w\" sizes=\"auto, (max-width: 768px) 100vw, 768px\" \/><\/figure>\n\n\n\n<p>El Servicio de Salud O\u2019Higgins ha comenzado la instalaci\u00f3n de 18 equipos de radiocomunicaci\u00f3n en los hospitales, SAMU y el SAR Oriente, con el objetivo de crear una red integrada de comunicaciones en toda la regi\u00f3n. Estos equipos ser\u00e1n instalados en las estaciones de enfermer\u00eda de las respectivas Unidades de Emergencia Hospitalaria (UEH) para mejorar la coordinaci\u00f3n en la respuesta a situaciones de emergencia. As\u00ed, se comenz\u00f3 la instalaci\u00f3n en los recintos hospitalarios de Peumo, Pichidegua y San Vicente.<\/p>\n\n\n\n<p>El proceso, que comenz\u00f3 esta semana, incluye visitas inspectivas a los hospitales para identificar los puntos de instalaci\u00f3n de los m\u00e1stiles que sostendr\u00e1n las antenas y la distancia de los cables que conectar\u00e1n las radios.<\/p>\n\n\n\n<p>Al respecto, el coordinador de la Red Integrada de Urgencia y Emergencia, Boris Moreno, explic\u00f3: \u00abLos 18 equipos de radiocomunicaci\u00f3n fueron adquiridos con presupuesto del servicio de salud durante 2023. El proceso de instalaci\u00f3n comenz\u00f3 en septiembre, tras un proceso de licitaci\u00f3n que incluye la instalaci\u00f3n de las antenas, m\u00e1stiles y equipos radiales en los 15 hospitales de la regi\u00f3n, adem\u00e1s del SAMU y el SAR Oriente\u00bb.<\/p>\n\n\n\n<p>Esto &nbsp;permitir\u00e1 una mayor articulaci\u00f3n entre los servicios de urgencia, mejorando la eficiencia en la respuesta a emergencias y fortaleciendo la red de atenci\u00f3n en toda la Regi\u00f3n.<\/p>\n\n\n\n<p><\/p>\n","protected":false},"excerpt":{"rendered":"<p>El Servicio de Salud O\u2019Higgins ha comenzado la instalaci\u00f3n de 18 equipos de radiocomunicaci\u00f3n en los hospitales, SAMU y el SAR Oriente, con el objetivo de crear una red integrada de comunicaciones en toda la regi\u00f3n. Estos equipos ser\u00e1n instalados &hellip; <a href=\"https:\/\/www.rne.cl\/?p=426\">Continuar leyendo <span class=\"meta-nav\">&rarr;<\/span><\/a><\/p>\n","protected":false},"author":4,"featured_media":0,"comment_status":"closed","ping_status":"closed","sticky":false,"template":"","format":"standard","meta":{"footnotes":""},"categories":[3],"tags":[],"class_list":["post-426","post","type-post","status-publish","format-standard","hentry","category-noticias"],"_links":{"self":[{"href":"https:\/\/www.rne.cl\/index.php?rest_route=\/wp\/v2\/posts\/426","targetHints":{"allow":["GET"]}}],"collection":[{"href":"https:\/\/www.rne.cl\/index.php?rest_route=\/wp\/v2\/posts"}],"about":[{"href":"https:\/\/www.rne.cl\/index.php?rest_route=\/wp\/v2\/types\/post"}],"author":[{"embeddable":true,"href":"https:\/\/www.rne.cl\/index.php?rest_route=\/wp\/v2\/users\/4"}],"replies":[{"embeddable":true,"href":"https:\/\/www.rne.cl\/index.php?rest_route=%2Fwp%2Fv2%2Fcomments&post=426"}],"version-history":[{"count":1,"href":"https:\/\/www.rne.cl\/index.php?rest_route=\/wp\/v2\/posts\/426\/revisions"}],"predecessor-version":[{"id":428,"href":"https:\/\/www.rne.cl\/index.php?rest_route=\/wp\/v2\/posts\/426\/revisions\/428"}],"wp:attachment":[{"href":"https:\/\/www.rne.cl\/index.php?rest_route=%2Fwp%2Fv2%2Fmedia&parent=426"}],"wp:term":[{"taxonomy":"category","embeddable":true,"href":"https:\/\/www.rne.cl\/index.php?rest_route=%2Fwp%2Fv2%2Fcategories&post=426"},{"taxonomy":"post_tag","embeddable":true,"href":"https:\/\/www.rne.cl\/index.php?rest_route=%2Fwp%2Fv2%2Ftags&post=426"}],"curies":[{"name":"wp","href":"https:\/\/api.w.org\/{rel}","templated":true}]}}