{"id":433,"date":"2024-10-05T18:42:47","date_gmt":"2024-10-05T18:42:47","guid":{"rendered":"https:\/\/www.rne.cl\/?p=433"},"modified":"2024-10-05T18:42:47","modified_gmt":"2024-10-05T18:42:47","slug":"11-de-octubre-instituto-de-geografia-invita-a-seminario-sobre-gestion-integrada-de-areas-costeras-lugar-del-evento-auditorio-de-ingenieria-pucv-av-brasil-2162-valparaiso-hora-del-evento","status":"publish","type":"post","link":"https:\/\/www.rne.cl\/?p=433","title":{"rendered":"11 de Octubre &#8211; Instituto de Geograf\u00eda invita a Seminario sobre gesti\u00f3n integrada de \u00e1reas costeras \/ Lugar del Evento:\u00a0Auditorio de Ingenier\u00eda PUCV. Av. Brasil 2162, Valpara\u00edso \/ Hora del Evento:\u00a009:30 \/ Fuente: Pontificia Universidad Cat\u00f3lica de Valpara\u00edso \/ Por: Direcci\u00f3n de Comunicaci\u00f3n Estrat\u00e9gica"},"content":{"rendered":"\n<figure class=\"wp-block-image size-full\"><img loading=\"lazy\" decoding=\"async\" width=\"805\" height=\"605\" src=\"https:\/\/www.rne.cl\/wp-content\/uploads\/2024\/10\/image-1.png\" alt=\"\" class=\"wp-image-434\" srcset=\"https:\/\/www.rne.cl\/wp-content\/uploads\/2024\/10\/image-1.png 805w, https:\/\/www.rne.cl\/wp-content\/uploads\/2024\/10\/image-1-300x225.png 300w, https:\/\/www.rne.cl\/wp-content\/uploads\/2024\/10\/image-1-768x577.png 768w, https:\/\/www.rne.cl\/wp-content\/uploads\/2024\/10\/image-1-399x300.png 399w\" sizes=\"auto, (max-width: 805px) 100vw, 805px\" \/><\/figure>\n\n\n\n<p>El viernes 11 de octubre se realizar\u00e1 en la PUCV el seminario \u201cGesti\u00f3n integrada de \u00e1reas costeras de Chile\u201d, encuentro organizado por el Comit\u00e9 Oceanogr\u00e1fico Nacional, el Instituto de Geograf\u00eda PUCV, el Gobierno Regional de Valpara\u00edso y el Centro UC Observatorio de la Costa.<\/p>\n\n\n\n<p>La actividad se desarrollar\u00e1 a partir de las 09:30 horas en el Auditorio de Ingenier\u00eda PUCV, ubicado en Av. Brasil 2162, Valpara\u00edso.<\/p>\n\n\n\n<p>La charla magistral estar\u00e1 a cargo del Dr. Juan Manuel Barrag\u00e1n de la Universidad de C\u00e1diz para continuar con las presentaciones de la directora del Centro UC Observatorio de la Costa, Carolina Mart\u00ednez; el representante de Sernageomin, Christian Creixell; el director de CIGIDEN, Rodrigo Cienfuegos.<\/p>\n\n\n\n<p>La apertura del evento estar\u00e1 a cargo del director del Instituto de Geograf\u00eda, Hermann Manr\u00edquez y el director del SHOA, contraalmirante Arturo Oxley. A partir de las 12:15 se desarrollar\u00e1 la mesa redonda: \u201cChile una costa en crisis\u201d, la que ser\u00e1 moderada por el profesor Manr\u00edquez.<\/p>\n\n\n\n<p>Dentro de los participantes estar\u00e1n Ra\u00fal Flores del departamento de obras civiles de la Universidad T\u00e9cnica Federico Santa Mar\u00eda; Mario Herrera, acad\u00e9mico de la Universidad de Valpara\u00edso; Francisco Romero, jefe de la divisi\u00f3n de Infraestructura y Transporte del Gobierno Regional y Carolina Pe\u00f1aloza de la Secpla Vi\u00f1a del Mar.<\/p>\n\n\n\n<p><em>Direcci\u00f3n de Comunicaci\u00f3n Estrat\u00e9gica<\/em><\/p>\n","protected":false},"excerpt":{"rendered":"<p>El viernes 11 de octubre se realizar\u00e1 en la PUCV el seminario \u201cGesti\u00f3n integrada de \u00e1reas costeras de Chile\u201d, encuentro organizado por el Comit\u00e9 Oceanogr\u00e1fico Nacional, el Instituto de Geograf\u00eda PUCV, el Gobierno Regional de Valpara\u00edso y el Centro UC &hellip; <a href=\"https:\/\/www.rne.cl\/?p=433\">Continuar leyendo <span class=\"meta-nav\">&rarr;<\/span><\/a><\/p>\n","protected":false},"author":4,"featured_media":0,"comment_status":"closed","ping_status":"closed","sticky":false,"template":"","format":"standard","meta":{"footnotes":""},"categories":[3],"tags":[],"class_list":["post-433","post","type-post","status-publish","format-standard","hentry","category-noticias"],"_links":{"self":[{"href":"https:\/\/www.rne.cl\/index.php?rest_route=\/wp\/v2\/posts\/433","targetHints":{"allow":["GET"]}}],"collection":[{"href":"https:\/\/www.rne.cl\/index.php?rest_route=\/wp\/v2\/posts"}],"about":[{"href":"https:\/\/www.rne.cl\/index.php?rest_route=\/wp\/v2\/types\/post"}],"author":[{"embeddable":true,"href":"https:\/\/www.rne.cl\/index.php?rest_route=\/wp\/v2\/users\/4"}],"replies":[{"embeddable":true,"href":"https:\/\/www.rne.cl\/index.php?rest_route=%2Fwp%2Fv2%2Fcomments&post=433"}],"version-history":[{"count":1,"href":"https:\/\/www.rne.cl\/index.php?rest_route=\/wp\/v2\/posts\/433\/revisions"}],"predecessor-version":[{"id":435,"href":"https:\/\/www.rne.cl\/index.php?rest_route=\/wp\/v2\/posts\/433\/revisions\/435"}],"wp:attachment":[{"href":"https:\/\/www.rne.cl\/index.php?rest_route=%2Fwp%2Fv2%2Fmedia&parent=433"}],"wp:term":[{"taxonomy":"category","embeddable":true,"href":"https:\/\/www.rne.cl\/index.php?rest_route=%2Fwp%2Fv2%2Fcategories&post=433"},{"taxonomy":"post_tag","embeddable":true,"href":"https:\/\/www.rne.cl\/index.php?rest_route=%2Fwp%2Fv2%2Ftags&post=433"}],"curies":[{"name":"wp","href":"https:\/\/api.w.org\/{rel}","templated":true}]}}