{"id":437,"date":"2024-11-06T21:27:23","date_gmt":"2024-11-06T21:27:23","guid":{"rendered":"https:\/\/www.rne.cl\/?p=437"},"modified":"2024-11-06T21:29:02","modified_gmt":"2024-11-06T21:29:02","slug":"te-interesaria-saber-mas-sobre-sismos-y-tsunamis","status":"publish","type":"post","link":"https:\/\/www.rne.cl\/?p=437","title":{"rendered":"\u00bfTe interesar\u00eda saber m\u00e1s sobre sismos y tsunamis?"},"content":{"rendered":"\n<p>Ma\u00f1ana Mi\u00e9rcoles 7 imperdible seminario online organizado entre <br>SENAPRED e INACAP.<\/p>\n\n\n\n<p><\/p>\n\n\n\n<p>Con\u00e9ctate en este link: <a href=\"https:\/\/www.youtube.com\/live\/U_vTag7ZMQk\" data-type=\"link\" data-id=\"https:\/\/www.youtube.com\/live\/U_vTag7ZMQk\">https:\/\/www.youtube.com\/live\/U_vTag7ZMQk<\/a><br> <\/p>\n\n\n\n<p><img loading=\"lazy\" decoding=\"async\" width=\"1200\" height=\"628\" class=\"wp-image-442\" style=\"width: 1200px;\" src=\"https:\/\/www.rne.cl\/wp-content\/uploads\/2024\/11\/seminario-inacap-sismos-senapred.png\" alt=\"\" srcset=\"https:\/\/www.rne.cl\/wp-content\/uploads\/2024\/11\/seminario-inacap-sismos-senapred.png 1200w, https:\/\/www.rne.cl\/wp-content\/uploads\/2024\/11\/seminario-inacap-sismos-senapred-300x157.png 300w, https:\/\/www.rne.cl\/wp-content\/uploads\/2024\/11\/seminario-inacap-sismos-senapred-1024x536.png 1024w, https:\/\/www.rne.cl\/wp-content\/uploads\/2024\/11\/seminario-inacap-sismos-senapred-768x402.png 768w, https:\/\/www.rne.cl\/wp-content\/uploads\/2024\/11\/seminario-inacap-sismos-senapred-500x262.png 500w\" sizes=\"auto, (max-width: 1200px) 100vw, 1200px\" \/><br><img loading=\"lazy\" decoding=\"async\" width=\"600\" height=\"674\" class=\"wp-image-440\" style=\"width: 600px;\" src=\"https:\/\/www.rne.cl\/wp-content\/uploads\/2024\/11\/1.png\" alt=\"\" srcset=\"https:\/\/www.rne.cl\/wp-content\/uploads\/2024\/11\/1.png 656w, https:\/\/www.rne.cl\/wp-content\/uploads\/2024\/11\/1-267x300.png 267w\" sizes=\"auto, (max-width: 600px) 100vw, 600px\" \/><img loading=\"lazy\" decoding=\"async\" width=\"600\" height=\"467\" class=\"wp-image-441\" style=\"width: 600px;\" src=\"https:\/\/www.rne.cl\/wp-content\/uploads\/2024\/11\/2.png\" alt=\"\" srcset=\"https:\/\/www.rne.cl\/wp-content\/uploads\/2024\/11\/2.png 632w, https:\/\/www.rne.cl\/wp-content\/uploads\/2024\/11\/2-300x234.png 300w, https:\/\/www.rne.cl\/wp-content\/uploads\/2024\/11\/2-385x300.png 385w\" sizes=\"auto, (max-width: 600px) 100vw, 600px\" \/><\/p>\n\n\n\n<p><\/p>\n","protected":false},"excerpt":{"rendered":"<p>Ma\u00f1ana Mi\u00e9rcoles 7 imperdible seminario online organizado entre SENAPRED e INACAP. Con\u00e9ctate en este link: https:\/\/www.youtube.com\/live\/U_vTag7ZMQk<\/p>\n","protected":false},"author":2,"featured_media":0,"comment_status":"closed","ping_status":"closed","sticky":false,"template":"","format":"standard","meta":{"footnotes":""},"categories":[3],"tags":[],"class_list":["post-437","post","type-post","status-publish","format-standard","hentry","category-noticias"],"_links":{"self":[{"href":"https:\/\/www.rne.cl\/index.php?rest_route=\/wp\/v2\/posts\/437","targetHints":{"allow":["GET"]}}],"collection":[{"href":"https:\/\/www.rne.cl\/index.php?rest_route=\/wp\/v2\/posts"}],"about":[{"href":"https:\/\/www.rne.cl\/index.php?rest_route=\/wp\/v2\/types\/post"}],"author":[{"embeddable":true,"href":"https:\/\/www.rne.cl\/index.php?rest_route=\/wp\/v2\/users\/2"}],"replies":[{"embeddable":true,"href":"https:\/\/www.rne.cl\/index.php?rest_route=%2Fwp%2Fv2%2Fcomments&post=437"}],"version-history":[{"count":4,"href":"https:\/\/www.rne.cl\/index.php?rest_route=\/wp\/v2\/posts\/437\/revisions"}],"predecessor-version":[{"id":445,"href":"https:\/\/www.rne.cl\/index.php?rest_route=\/wp\/v2\/posts\/437\/revisions\/445"}],"wp:attachment":[{"href":"https:\/\/www.rne.cl\/index.php?rest_route=%2Fwp%2Fv2%2Fmedia&parent=437"}],"wp:term":[{"taxonomy":"category","embeddable":true,"href":"https:\/\/www.rne.cl\/index.php?rest_route=%2Fwp%2Fv2%2Fcategories&post=437"},{"taxonomy":"post_tag","embeddable":true,"href":"https:\/\/www.rne.cl\/index.php?rest_route=%2Fwp%2Fv2%2Ftags&post=437"}],"curies":[{"name":"wp","href":"https:\/\/api.w.org\/{rel}","templated":true}]}}