{"id":453,"date":"2024-11-09T18:19:09","date_gmt":"2024-11-09T18:19:09","guid":{"rendered":"https:\/\/www.rne.cl\/?p=453"},"modified":"2024-11-09T18:19:09","modified_gmt":"2024-11-09T18:19:09","slug":"valparaiso-sera-sede-de-evento-de-unesco-sobre-resiliencia-del-patrimonio-ante-incendios-fuente-cooperativa-cl-por-periodista-radio-alvaro-lozano-y-periodista-digital-cooperativa-cl-fecha-7","status":"publish","type":"post","link":"https:\/\/www.rne.cl\/?p=453","title":{"rendered":"Valpara\u00edso ser\u00e1 sede de evento de Unesco sobre resiliencia del patrimonio ante incendios \/ Fuente: Cooperativa.cl \/ Por: Periodista Radio: Alvaro Lozano y Periodista Digital: Cooperativa.cl \/ Fecha: 7 de noviembre 2024"},"content":{"rendered":"\n<p>La conferencia, donde expondr\u00e1n m\u00e1s de 20 expertos internacionales, tendr\u00e1 lugar el 11 y 12 de noviembre en el Parque Cultural de la ciudad puerto.<\/p>\n\n\n\n<p>Durante la cita, la organizaci\u00f3n lanzar\u00e1 su Gu\u00eda de Manejo de Riesgo de estos desastres sobre el patrimonio cultural y natural.<\/p>\n\n\n\n<figure class=\"wp-block-image size-large\"><img loading=\"lazy\" decoding=\"async\" width=\"1024\" height=\"576\" src=\"https:\/\/www.rne.cl\/wp-content\/uploads\/2024\/11\/image-4-1024x576.png\" alt=\"\" class=\"wp-image-454\" srcset=\"https:\/\/www.rne.cl\/wp-content\/uploads\/2024\/11\/image-4-1024x576.png 1024w, https:\/\/www.rne.cl\/wp-content\/uploads\/2024\/11\/image-4-300x169.png 300w, https:\/\/www.rne.cl\/wp-content\/uploads\/2024\/11\/image-4-768x432.png 768w, https:\/\/www.rne.cl\/wp-content\/uploads\/2024\/11\/image-4-500x281.png 500w, https:\/\/www.rne.cl\/wp-content\/uploads\/2024\/11\/image-4.png 1130w\" sizes=\"auto, (max-width: 1024px) 100vw, 1024px\" \/><\/figure>\n\n\n\n<p>Foto: Unesco Santiago (X)<\/p>\n\n\n\n<p>Poco antes de que inicie la&nbsp;<a href=\"https:\/\/www.cooperativa.cl\/noticias\/pais\/desastres-naturales\/incendios-forestales\/gobierno-refuerza-el-presupuesto-y-la-prevencion-para-enfrentar-la\/2024-10-05\/092615.html\" target=\"_blank\" rel=\"noreferrer noopener\">temporada de siniestros forestales<\/a>, el<strong>&nbsp;Parque Cultural de Valpara\u00edso<\/strong>&nbsp;ser\u00e1 sede de la conferencia internacional<strong>&nbsp;&#8220;Resiliencia del patrimonio ante incendios en tiempos de cambio clim\u00e1tico&#8221;<\/strong>, organizada por la Oficina Regional de la Unesco, y a realizarse el<strong>&nbsp;lunes 11 y martes 12 de noviembre<\/strong>.<\/p>\n\n\n\n<p><strong>M\u00e1s de 20 expertos en protecci\u00f3n del patrimonio<\/strong>&nbsp;de los cinco continentes expondr\u00e1n distintas formas de enfrentar tales emergencias, pues como plante\u00f3 a&nbsp;<strong>Cooperativa<\/strong>&nbsp;<strong>Pilar Vicu\u00f1a, coordinadora de Cultura de la Unesco Santiago<\/strong>, &#8220;s\u00f3lo a trav\u00e9s de herramientas que permiten la resiliencia de las personas, de los ecosistemas y del medioambiente, uno es capaz de&nbsp;<strong>recuperarse y volver a un estado de bienestar, a una din\u00e1mica sana<\/strong>&nbsp;en torno al patrimonio natural y cultural&#8221; tras extinguir las llamas.<\/p>\n\n\n\n<p>&#8220;Uno asocia el incendio inmediatamente con muerte, p\u00e9rdida, desastre, que si bien est\u00e1 (vinculado), queremos mirarlo desde la perspectiva de&nbsp;<strong>c\u00f3mo enfrentarlo de mejor manera, y c\u00f3mo uno se puede recuperar de manera segura y efectiva<\/strong>&#8220;, precis\u00f3 Vicu\u00f1a.<\/p>\n\n\n\n<p>En esa l\u00ednea, durante el encuentro tambi\u00e9n&nbsp;<strong>se lanzar\u00e1 la Gu\u00eda de Manejo de Riesgo de incendios en el patrimonio cultural y natural de la Unesco<\/strong>, que &#8220;es una herramienta muy pr\u00e1ctica, casi como un&nbsp;<strong>manual que permite armar planes de emergencia ante incendios<\/strong>&#8220;, relev\u00f3 la coordinadora.<\/p>\n\n\n\n<p>El documento indica formas de &#8220;<strong>preparar mejor lo que es el ciclo de la emergencia<\/strong>, que es la preparaci\u00f3n, la respuesta y la recuperaci\u00f3n de una manera coordinada, efectiva, segura,&nbsp;<strong>tanto en lo que uno considera patrimonio cultural<\/strong>&nbsp;-como podr\u00eda ser un museo, o un sitio de patrimonio mundial como Valpara\u00edso, que est\u00e1 lleno de inmuebles patrimoniales-,&nbsp;<strong>como tambi\u00e9n desde la&nbsp;<a href=\"https:\/\/www.cooperativa.cl\/noticias\/pais\/region-de-valparaiso\/cuatro-sujetos-fueron-detenidos-tras-ser-sorprendidos-robando-madera-en\/2024-11-01\/183734.html\" target=\"_blank\" rel=\"noreferrer noopener\">perspectiva natural<\/a><\/strong>, como puede ser el Parque Nacional Rapa Nui&#8221;, profundiz\u00f3.<\/p>\n\n\n\n<p>Terminado el evento principal,&nbsp;<strong>entre el mi\u00e9rcoles 13 y el viernes 15 de noviembre habr\u00e1 un programa de capacitaciones<\/strong>&nbsp;que aplicar\u00e1 la mentada gu\u00eda, y estar\u00e1 dirigido a 25 gestores y administradores de sitios de patrimonio cultural y natural de toda Am\u00e9rica Latina y el Caribe.<\/p>\n\n\n\n<p>En cuanto a la elecci\u00f3n de Valpara\u00edso como sede de la conferencia,&nbsp;<strong>Macarena Carroza, directora ejecutiva de la Corporaci\u00f3n Municipal de Administraci\u00f3n del Sitio Patrimonio Mundial-\u00c1rea Hist\u00f3rica<\/strong>&nbsp;de la ciudad puerto, sostuvo que &#8220;una ciudad tan compleja como la nuestra, que tiene todos estos recovecos, es fundamental saber habitarla en la emergencia, entonces es un&nbsp;<strong>esfuerzo que se est\u00e1 haciendo para hablar en la institucionalidad p\u00fablica, que tiene el deber de resguardar<\/strong>&#8221; el territorio frente a estos desastres.<\/p>\n\n\n\n<p><strong>Esto tambi\u00e9n se traduce en<\/strong>&nbsp;&#8220;<strong>mitigar el riesgo<\/strong>: cu\u00e1les son las acciones, cu\u00e1les son los proyectos, como la red seca o cambiar los sistemas el\u00e9ctricos, que nos colaboran a que el incendio -que siempre va a ser inminente por el sistema constructivo y por la geograf\u00eda de Valpara\u00edso-, sea mitigado por lo que podamos controlar&#8221;, complement\u00f3 la funcionaria.<\/p>\n\n\n\n<p>Las inscripciones para asistir al evento siguen abiertas en el&nbsp;<a href=\"https:\/\/forms.office.com\/pages\/responsepage.aspx?id=Uq5PHbM5-kuwswIpVrERlM5xiWEfwVBJpbR64lKpKlBUNVJWQjJWSkZTSEpLUlNPNUdVWlZER1VQNi4u&amp;route=shorturl\" target=\"_blank\" rel=\"noreferrer noopener\">sitio web de la Unesco Santiago<\/a>.<\/p>\n\n\n\n<p><\/p>\n","protected":false},"excerpt":{"rendered":"<p>La conferencia, donde expondr\u00e1n m\u00e1s de 20 expertos internacionales, tendr\u00e1 lugar el 11 y 12 de noviembre en el Parque Cultural de la ciudad puerto. Durante la cita, la organizaci\u00f3n lanzar\u00e1 su Gu\u00eda de Manejo de Riesgo de estos desastres &hellip; <a href=\"https:\/\/www.rne.cl\/?p=453\">Continuar leyendo <span class=\"meta-nav\">&rarr;<\/span><\/a><\/p>\n","protected":false},"author":4,"featured_media":0,"comment_status":"closed","ping_status":"closed","sticky":false,"template":"","format":"standard","meta":{"footnotes":""},"categories":[3],"tags":[],"class_list":["post-453","post","type-post","status-publish","format-standard","hentry","category-noticias"],"_links":{"self":[{"href":"https:\/\/www.rne.cl\/index.php?rest_route=\/wp\/v2\/posts\/453","targetHints":{"allow":["GET"]}}],"collection":[{"href":"https:\/\/www.rne.cl\/index.php?rest_route=\/wp\/v2\/posts"}],"about":[{"href":"https:\/\/www.rne.cl\/index.php?rest_route=\/wp\/v2\/types\/post"}],"author":[{"embeddable":true,"href":"https:\/\/www.rne.cl\/index.php?rest_route=\/wp\/v2\/users\/4"}],"replies":[{"embeddable":true,"href":"https:\/\/www.rne.cl\/index.php?rest_route=%2Fwp%2Fv2%2Fcomments&post=453"}],"version-history":[{"count":1,"href":"https:\/\/www.rne.cl\/index.php?rest_route=\/wp\/v2\/posts\/453\/revisions"}],"predecessor-version":[{"id":455,"href":"https:\/\/www.rne.cl\/index.php?rest_route=\/wp\/v2\/posts\/453\/revisions\/455"}],"wp:attachment":[{"href":"https:\/\/www.rne.cl\/index.php?rest_route=%2Fwp%2Fv2%2Fmedia&parent=453"}],"wp:term":[{"taxonomy":"category","embeddable":true,"href":"https:\/\/www.rne.cl\/index.php?rest_route=%2Fwp%2Fv2%2Fcategories&post=453"},{"taxonomy":"post_tag","embeddable":true,"href":"https:\/\/www.rne.cl\/index.php?rest_route=%2Fwp%2Fv2%2Ftags&post=453"}],"curies":[{"name":"wp","href":"https:\/\/api.w.org\/{rel}","templated":true}]}}