{"id":459,"date":"2024-11-09T18:38:00","date_gmt":"2024-11-09T18:38:00","guid":{"rendered":"https:\/\/www.rne.cl\/?p=459"},"modified":"2024-11-09T18:38:00","modified_gmt":"2024-11-09T18:38:00","slug":"los-desastres-no-discriminan-por-cigiden-por-cristian-cortez-fecha-8-de-noviembre-2024","status":"publish","type":"post","link":"https:\/\/www.rne.cl\/?p=459","title":{"rendered":"Los desastres no discriminan \/ Por: CIGIDEN \/ Por: Cristian Cortez \/ Fecha: 8 de noviembre 2024"},"content":{"rendered":"\n<figure class=\"wp-block-image size-full\"><img loading=\"lazy\" decoding=\"async\" width=\"730\" height=\"486\" src=\"https:\/\/www.rne.cl\/wp-content\/uploads\/2024\/11\/image-6.png\" alt=\"\" class=\"wp-image-460\" srcset=\"https:\/\/www.rne.cl\/wp-content\/uploads\/2024\/11\/image-6.png 730w, https:\/\/www.rne.cl\/wp-content\/uploads\/2024\/11\/image-6-300x200.png 300w, https:\/\/www.rne.cl\/wp-content\/uploads\/2024\/11\/image-6-451x300.png 451w\" sizes=\"auto, (max-width: 730px) 100vw, 730px\" \/><\/figure>\n\n\n\n<p><em>Por Cristian Cortez, Mgs. en Ciencias de la Ingenier\u00eda UC, comunicador cient\u00edfico @zonaantisismica y profesional CIGIDEN<\/em><\/p>\n\n\n\n<p>\u00a1Atenci\u00f3n Brigada, iniciar evacuaci\u00f3n por avenida Francia!\u201d retumb\u00f3 en los parlantes del centro Telet\u00f3n de Valpara\u00edso en una fr\u00eda ma\u00f1ana del 6 de junio. Ese d\u00eda tuvo lugar el primer simulacro inclusivo de terremoto y tsunami en la quinta regi\u00f3n. Hoy, ad portas de una nueva Telet\u00f3n, vale la pena recordar este esfuerzo, el cual fue pionero en impulsar una mayor inclusi\u00f3n en la gesti\u00f3n del riesgo de desastres.&nbsp;<\/p>\n\n\n\n<p>En Chile, los terremotos son una amenaza constante, y cuando provocan tsunamis las consecuencias empeoran. La evacuaci\u00f3n hacia sectores altos reduce considerablemente el riesgo de fallecimiento en estos casos. Sin embargo, la rapidez de esta evacuaci\u00f3n es fundamental, y las personas con discapacidad pueden enfrentar mayores dificultades de desplazamiento, lo que incrementa su riesgo.&nbsp;<\/p>\n\n\n\n<p><strong>\u201cLas personas con discapacidad tienen entre dos y cuatro veces m\u00e1s probabilidades de morir durante un desastre\u201d<\/strong>, se\u00f1al\u00f3 Carlos Kaiser Mansilla, director ejecutivo de la ONG Inclusiva, organizadora del simulacro. \u201cEn Valpara\u00edso habitan m\u00e1s de 360 mil personas con discapacidad. Salvar sus vidas es fundamental\u201d, dijo.<\/p>\n\n\n\n<p>\u201cDebemos prepararnos para un desastre de este tipo\u201d, afirm\u00f3 la Dra. Dalila Salgado, directora de Telet\u00f3n Valpara\u00edso. \u201cNuestros pacientes y funcionarios deben contar con todas las herramientas necesarias para actuar ante una emergencia\u201d, recalc\u00f3. Este simulacro de evacuaci\u00f3n permiti\u00f3 evaluar c\u00f3mo se integra a las personas con discapacidad en la respuesta a riesgos de desastre.<\/p>\n\n\n\n<p>La gesti\u00f3n del riesgo de desastres exige evaluar la amenaza natural, la exposici\u00f3n y la vulnerabilidad. Los terremotos y tsunamis ocurrir\u00e1n inevitablemente, pero la exposici\u00f3n y vulnerabilidad de las personas y su entorno construido dependen de nosotros y pueden gestionarse para reducir el riesgo. \u201cNecesitamos ciudades m\u00e1s inclusivas, con protocolos de emergencia que consideren a todos\u201d, se\u00f1al\u00f3 Javiera Guarda, jefa de desarrollo social y humano del Gobierno Regional de Valpara\u00edso.<\/p>\n\n\n\n<p>Los desastres no discriminan. La exclusi\u00f3n en la Gesti\u00f3n del Riesgo de Desastres, s\u00ed. Basta con recordar lo ocurrido en el Instituto Telet\u00f3n de Coquimbo, durante el terremoto y tsunami de 2015, para entender la magnitud del riesgo. El centro estaba ubicado en zona de inundaci\u00f3n y fue completamente destruido. Si el sismo y el tsunami hubieran ocurrido en horario de atenci\u00f3n, las consecuencias podr\u00edan haber sido devastadoras.&nbsp;<\/p>\n\n\n\n<figure class=\"wp-block-image size-large\"><img loading=\"lazy\" decoding=\"async\" width=\"1024\" height=\"683\" src=\"https:\/\/www.rne.cl\/wp-content\/uploads\/2024\/11\/image-7-1024x683.png\" alt=\"\" class=\"wp-image-461\" srcset=\"https:\/\/www.rne.cl\/wp-content\/uploads\/2024\/11\/image-7-1024x683.png 1024w, https:\/\/www.rne.cl\/wp-content\/uploads\/2024\/11\/image-7-300x200.png 300w, https:\/\/www.rne.cl\/wp-content\/uploads\/2024\/11\/image-7-768x512.png 768w, https:\/\/www.rne.cl\/wp-content\/uploads\/2024\/11\/image-7-450x300.png 450w, https:\/\/www.rne.cl\/wp-content\/uploads\/2024\/11\/image-7.png 1536w\" sizes=\"auto, (max-width: 1024px) 100vw, 1024px\" \/><\/figure>\n\n\n\n<p class=\"has-text-align-center\">Cristian Cortez<\/p>\n\n\n\n<p>Cr\u00e9ditos foto de portada: Hern\u00e1n Contreras, Agencia Uno. \/ <\/p>\n\n\n\n<p><\/p>\n","protected":false},"excerpt":{"rendered":"<p>Por Cristian Cortez, Mgs. en Ciencias de la Ingenier\u00eda UC, comunicador cient\u00edfico @zonaantisismica y profesional CIGIDEN \u00a1Atenci\u00f3n Brigada, iniciar evacuaci\u00f3n por avenida Francia!\u201d retumb\u00f3 en los parlantes del centro Telet\u00f3n de Valpara\u00edso en una fr\u00eda ma\u00f1ana del 6 de junio. &hellip; <a href=\"https:\/\/www.rne.cl\/?p=459\">Continuar leyendo <span class=\"meta-nav\">&rarr;<\/span><\/a><\/p>\n","protected":false},"author":4,"featured_media":0,"comment_status":"closed","ping_status":"closed","sticky":false,"template":"","format":"standard","meta":{"footnotes":""},"categories":[3],"tags":[],"class_list":["post-459","post","type-post","status-publish","format-standard","hentry","category-noticias"],"_links":{"self":[{"href":"https:\/\/www.rne.cl\/index.php?rest_route=\/wp\/v2\/posts\/459","targetHints":{"allow":["GET"]}}],"collection":[{"href":"https:\/\/www.rne.cl\/index.php?rest_route=\/wp\/v2\/posts"}],"about":[{"href":"https:\/\/www.rne.cl\/index.php?rest_route=\/wp\/v2\/types\/post"}],"author":[{"embeddable":true,"href":"https:\/\/www.rne.cl\/index.php?rest_route=\/wp\/v2\/users\/4"}],"replies":[{"embeddable":true,"href":"https:\/\/www.rne.cl\/index.php?rest_route=%2Fwp%2Fv2%2Fcomments&post=459"}],"version-history":[{"count":1,"href":"https:\/\/www.rne.cl\/index.php?rest_route=\/wp\/v2\/posts\/459\/revisions"}],"predecessor-version":[{"id":462,"href":"https:\/\/www.rne.cl\/index.php?rest_route=\/wp\/v2\/posts\/459\/revisions\/462"}],"wp:attachment":[{"href":"https:\/\/www.rne.cl\/index.php?rest_route=%2Fwp%2Fv2%2Fmedia&parent=459"}],"wp:term":[{"taxonomy":"category","embeddable":true,"href":"https:\/\/www.rne.cl\/index.php?rest_route=%2Fwp%2Fv2%2Fcategories&post=459"},{"taxonomy":"post_tag","embeddable":true,"href":"https:\/\/www.rne.cl\/index.php?rest_route=%2Fwp%2Fv2%2Ftags&post=459"}],"curies":[{"name":"wp","href":"https:\/\/api.w.org\/{rel}","templated":true}]}}