{"id":477,"date":"2024-12-19T21:12:45","date_gmt":"2024-12-19T21:12:45","guid":{"rendered":"https:\/\/www.rne.cl\/?p=477"},"modified":"2024-12-19T21:12:57","modified_gmt":"2024-12-19T21:12:57","slug":"informa-fallecimiento-voluntario-activo-rne-arica","status":"publish","type":"post","link":"https:\/\/www.rne.cl\/?p=477","title":{"rendered":"Informa fallecimiento Voluntario Activo RNE Arica"},"content":{"rendered":"\n<p>Desde nuestra Corporaci\u00f3n nos sumamos a las muestras de pesar por el sensible fallecimiento de nuestro compa\u00f1ero y voluntario activo Ren\u00e9 Sandoval Gonz\u00e1lez RNE 1501 de regional Arica y Parinacota.<br><br>Nuestros pensamientos y oraciones est\u00e1n con su  familia, seres queridos y compa\u00f1eros.<\/p>\n\n\n\n<figure class=\"wp-block-image size-large\"><img loading=\"lazy\" decoding=\"async\" width=\"1024\" height=\"1024\" src=\"https:\/\/www.rne.cl\/wp-content\/uploads\/2024\/12\/65905163-2d4d-438d-ab09-a62bf5d2e3b4-1024x1024.jpeg\" alt=\"\" class=\"wp-image-481\" srcset=\"https:\/\/www.rne.cl\/wp-content\/uploads\/2024\/12\/65905163-2d4d-438d-ab09-a62bf5d2e3b4-1024x1024.jpeg 1024w, https:\/\/www.rne.cl\/wp-content\/uploads\/2024\/12\/65905163-2d4d-438d-ab09-a62bf5d2e3b4-300x300.jpeg 300w, https:\/\/www.rne.cl\/wp-content\/uploads\/2024\/12\/65905163-2d4d-438d-ab09-a62bf5d2e3b4-150x150.jpeg 150w, https:\/\/www.rne.cl\/wp-content\/uploads\/2024\/12\/65905163-2d4d-438d-ab09-a62bf5d2e3b4-768x768.jpeg 768w, https:\/\/www.rne.cl\/wp-content\/uploads\/2024\/12\/65905163-2d4d-438d-ab09-a62bf5d2e3b4.jpeg 1080w\" sizes=\"auto, (max-width: 1024px) 100vw, 1024px\" \/><\/figure>\n","protected":false},"excerpt":{"rendered":"<p>Desde nuestra Corporaci\u00f3n nos sumamos a las muestras de pesar por el sensible fallecimiento de nuestro compa\u00f1ero y voluntario activo Ren\u00e9 Sandoval Gonz\u00e1lez RNE 1501 de regional Arica y Parinacota. Nuestros pensamientos y oraciones est\u00e1n con su familia, seres queridos &hellip; <a href=\"https:\/\/www.rne.cl\/?p=477\">Continuar leyendo <span class=\"meta-nav\">&rarr;<\/span><\/a><\/p>\n","protected":false},"author":2,"featured_media":0,"comment_status":"closed","ping_status":"closed","sticky":false,"template":"","format":"standard","meta":{"footnotes":""},"categories":[3],"tags":[],"class_list":["post-477","post","type-post","status-publish","format-standard","hentry","category-noticias"],"_links":{"self":[{"href":"https:\/\/www.rne.cl\/index.php?rest_route=\/wp\/v2\/posts\/477","targetHints":{"allow":["GET"]}}],"collection":[{"href":"https:\/\/www.rne.cl\/index.php?rest_route=\/wp\/v2\/posts"}],"about":[{"href":"https:\/\/www.rne.cl\/index.php?rest_route=\/wp\/v2\/types\/post"}],"author":[{"embeddable":true,"href":"https:\/\/www.rne.cl\/index.php?rest_route=\/wp\/v2\/users\/2"}],"replies":[{"embeddable":true,"href":"https:\/\/www.rne.cl\/index.php?rest_route=%2Fwp%2Fv2%2Fcomments&post=477"}],"version-history":[{"count":2,"href":"https:\/\/www.rne.cl\/index.php?rest_route=\/wp\/v2\/posts\/477\/revisions"}],"predecessor-version":[{"id":482,"href":"https:\/\/www.rne.cl\/index.php?rest_route=\/wp\/v2\/posts\/477\/revisions\/482"}],"wp:attachment":[{"href":"https:\/\/www.rne.cl\/index.php?rest_route=%2Fwp%2Fv2%2Fmedia&parent=477"}],"wp:term":[{"taxonomy":"category","embeddable":true,"href":"https:\/\/www.rne.cl\/index.php?rest_route=%2Fwp%2Fv2%2Fcategories&post=477"},{"taxonomy":"post_tag","embeddable":true,"href":"https:\/\/www.rne.cl\/index.php?rest_route=%2Fwp%2Fv2%2Ftags&post=477"}],"curies":[{"name":"wp","href":"https:\/\/api.w.org\/{rel}","templated":true}]}}