{"id":484,"date":"2024-12-30T19:11:58","date_gmt":"2024-12-30T19:11:58","guid":{"rendered":"https:\/\/www.rne.cl\/?p=484"},"modified":"2024-12-30T19:12:45","modified_gmt":"2024-12-30T19:12:45","slug":"sin-feriados-ni-vacaciones-los-desastres-no-descansan-columna-cigiden","status":"publish","type":"post","link":"https:\/\/www.rne.cl\/?p=484","title":{"rendered":"Sin feriados ni vacaciones: Los desastres no descansan (Columna Cigiden)"},"content":{"rendered":"\n<p class=\"has-text-align-left\">Por Stefan Vogel, director ejecutivo del Centro de Investigaci\u00f3n para la Gesti\u00f3n Integrada del Riesgo de Desastres (CIGIDEN).<br><br>La impactante campa\u00f1a de CONAF nos recuerda la importancia de protegernos y cuidar nuestro entorno de manera colectiva. Asimismo nos recuerda que los desastres no descansan ni entienden de celebraciones, por lo que estar preparados puede marcar la diferencia en situaciones inesperadas.<br> <br>No son pocos los eventos que se han producido cerca de fin de a\u00f1o: el terremoto de Kobe en Jap\u00f3n del 2 de enero en el a\u00f1o 1995; el tsunami en el Oc\u00e9ano \u00cdndico del 26 de diciembre en el a\u00f1o 2004; el terremoto de Melinka en Chilo\u00e9, ocurrido un 25 de diciembre en el a\u00f1o 2016; la erupci\u00f3n del volc\u00e1n Etna en Italia un 24 de diciembre en 2018; los incendios de Vi\u00f1a del Mar que se iniciaron el 22 de diciembre del 2022; por \u00faltimo, no podemos dejar de nombrar el terremoto de la pen\u00ednsula de Noto en Jap\u00f3n, que tuvo lugar el primer d\u00eda del a\u00f1o 2024.  <br> <br>Durante estas fechas, en las que nos reunimos para compartir las festividades de fin de a\u00f1o, es importante recordar que nuestra geograf\u00eda conlleva un sinf\u00edn de amenazas naturales capaces de desencadenar desastres. Es una oportunidad para conversar en familia sobre nuestras propias vivencias ante estos  eventos, que forman parte de nuestra historia colectiva e identidad. <br> <br>La memoria de los desastres es clave para crear comunidades resilientes: nos recuerda que vivimos en un territorio expuesto a distintas amenazas naturales y nos entrega informaci\u00f3n \u2013 tanto aciertos como errores \u2013 para estar mejor preparados frente a futuros eventos.<br>Contar con un plan familiar, saber c\u00f3mo actuar ante un desastre y fomentar una cultura de prevenci\u00f3n son actos de responsabilidad, cuidado mutuo y uno de los mejores regalos que podemos entregar a los m\u00e1s j\u00f3venes.<br><img loading=\"lazy\" decoding=\"async\" width=\"450\" height=\"563\" class=\"wp-image-489\" style=\"width: 450px;\" src=\"https:\/\/www.rne.cl\/wp-content\/uploads\/2024\/12\/1.png\" alt=\"\" srcset=\"https:\/\/www.rne.cl\/wp-content\/uploads\/2024\/12\/1.png 1080w, https:\/\/www.rne.cl\/wp-content\/uploads\/2024\/12\/1-240x300.png 240w, https:\/\/www.rne.cl\/wp-content\/uploads\/2024\/12\/1-819x1024.png 819w, https:\/\/www.rne.cl\/wp-content\/uploads\/2024\/12\/1-768x960.png 768w\" sizes=\"auto, (max-width: 450px) 100vw, 450px\" \/><\/p>\n\n\n\n<p><\/p>\n","protected":false},"excerpt":{"rendered":"<p>Por Stefan Vogel, director ejecutivo del Centro de Investigaci\u00f3n para la Gesti\u00f3n Integrada del Riesgo de Desastres (CIGIDEN). La impactante campa\u00f1a de CONAF nos recuerda la importancia de protegernos y cuidar nuestro entorno de manera colectiva. Asimismo nos recuerda que &hellip; <a href=\"https:\/\/www.rne.cl\/?p=484\">Continuar leyendo <span class=\"meta-nav\">&rarr;<\/span><\/a><\/p>\n","protected":false},"author":2,"featured_media":0,"comment_status":"closed","ping_status":"closed","sticky":false,"template":"","format":"standard","meta":{"footnotes":""},"categories":[3],"tags":[],"class_list":["post-484","post","type-post","status-publish","format-standard","hentry","category-noticias"],"_links":{"self":[{"href":"https:\/\/www.rne.cl\/index.php?rest_route=\/wp\/v2\/posts\/484","targetHints":{"allow":["GET"]}}],"collection":[{"href":"https:\/\/www.rne.cl\/index.php?rest_route=\/wp\/v2\/posts"}],"about":[{"href":"https:\/\/www.rne.cl\/index.php?rest_route=\/wp\/v2\/types\/post"}],"author":[{"embeddable":true,"href":"https:\/\/www.rne.cl\/index.php?rest_route=\/wp\/v2\/users\/2"}],"replies":[{"embeddable":true,"href":"https:\/\/www.rne.cl\/index.php?rest_route=%2Fwp%2Fv2%2Fcomments&post=484"}],"version-history":[{"count":4,"href":"https:\/\/www.rne.cl\/index.php?rest_route=\/wp\/v2\/posts\/484\/revisions"}],"predecessor-version":[{"id":492,"href":"https:\/\/www.rne.cl\/index.php?rest_route=\/wp\/v2\/posts\/484\/revisions\/492"}],"wp:attachment":[{"href":"https:\/\/www.rne.cl\/index.php?rest_route=%2Fwp%2Fv2%2Fmedia&parent=484"}],"wp:term":[{"taxonomy":"category","embeddable":true,"href":"https:\/\/www.rne.cl\/index.php?rest_route=%2Fwp%2Fv2%2Fcategories&post=484"},{"taxonomy":"post_tag","embeddable":true,"href":"https:\/\/www.rne.cl\/index.php?rest_route=%2Fwp%2Fv2%2Ftags&post=484"}],"curies":[{"name":"wp","href":"https:\/\/api.w.org\/{rel}","templated":true}]}}