{"id":494,"date":"2024-12-30T19:20:59","date_gmt":"2024-12-30T19:20:59","guid":{"rendered":"https:\/\/www.rne.cl\/?p=494"},"modified":"2024-12-30T19:21:18","modified_gmt":"2024-12-30T19:21:18","slug":"oportunidad-para-estudiantes-de-periodismo-practica-profesional-en-rne","status":"publish","type":"post","link":"https:\/\/www.rne.cl\/?p=494","title":{"rendered":"&#8220;\u00a1Oportunidad para estudiantes de periodismo! ( Practica Profesional en RNE)"},"content":{"rendered":"\n<p>La Corporaci\u00f3n Ciudadana Red Nacional de Emergencias busca un(a) estudiante de periodismo o comunicaci\u00f3n social para realizar una pr\u00e1ctica laboral freelance online con enfoque en redes sociales y administraci\u00f3n de publicaciones en WordPress.<\/p>\n\n\n\n<p>Responsabilidades:<\/p>\n\n\n\n<ul class=\"wp-block-list\">\n<li>Crear y publicar contenido atractivo y relevante para nuestras redes sociales.<\/li>\n\n\n\n<li>Administrar y actualizar nuestra p\u00e1gina web en WordPress.<\/li>\n\n\n\n<li>Colaborar en la creaci\u00f3n de estrategias de comunicaci\u00f3n y marketing digital.<\/li>\n\n\n\n<li>Realizar tareas relacionadas con la comunicaci\u00f3n y el periodismo.<\/li>\n<\/ul>\n\n\n\n<p>Requisitos:<\/p>\n\n\n\n<ul class=\"wp-block-list\">\n<li>Estudiante de periodismo o comunicaci\u00f3n social.<\/li>\n\n\n\n<li>Conocimientos b\u00e1sicos de WordPress y redes sociales.<\/li>\n\n\n\n<li>Habilidades de escritura y edici\u00f3n.<\/li>\n\n\n\n<li>Capacidad para trabajar de manera aut\u00f3noma y cumplir plazos.<\/li>\n<\/ul>\n\n\n\n<p>Duraci\u00f3n y condiciones:<\/p>\n\n\n\n<ul class=\"wp-block-list\">\n<li>Pr\u00e1ctica laboral freelance.<\/li>\n\n\n\n<li>Duraci\u00f3n: seg\u00fan acuerdo mutuo.<\/li>\n\n\n\n<li>No remunerada (pr\u00e1ctica laboral para estudiantes).<\/li>\n<\/ul>\n\n\n\n<p>Postulaci\u00f3n:<br>Los interesados deben enviar su CV y una carta de presentaci\u00f3n al correo electr\u00f3nico <a href=\"mailto:director@reddeemergencia.cl\">director@reddeemergencia.cl <\/a>hasta el 6 de enero.<\/p>\n\n\n\n<p>\u00a1No te pierdas esta oportunidad de ganar experiencia laboral en comunicaci\u00f3n y periodismo!<\/p>\n\n\n\n<p><\/p>\n","protected":false},"excerpt":{"rendered":"<p>La Corporaci\u00f3n Ciudadana Red Nacional de Emergencias busca un(a) estudiante de periodismo o comunicaci\u00f3n social para realizar una pr\u00e1ctica laboral freelance online con enfoque en redes sociales y administraci\u00f3n de publicaciones en WordPress. Responsabilidades: Requisitos: Duraci\u00f3n y condiciones: Postulaci\u00f3n:Los interesados &hellip; <a href=\"https:\/\/www.rne.cl\/?p=494\">Continuar leyendo <span class=\"meta-nav\">&rarr;<\/span><\/a><\/p>\n","protected":false},"author":2,"featured_media":0,"comment_status":"closed","ping_status":"closed","sticky":false,"template":"","format":"standard","meta":{"footnotes":""},"categories":[3],"tags":[],"class_list":["post-494","post","type-post","status-publish","format-standard","hentry","category-noticias"],"_links":{"self":[{"href":"https:\/\/www.rne.cl\/index.php?rest_route=\/wp\/v2\/posts\/494","targetHints":{"allow":["GET"]}}],"collection":[{"href":"https:\/\/www.rne.cl\/index.php?rest_route=\/wp\/v2\/posts"}],"about":[{"href":"https:\/\/www.rne.cl\/index.php?rest_route=\/wp\/v2\/types\/post"}],"author":[{"embeddable":true,"href":"https:\/\/www.rne.cl\/index.php?rest_route=\/wp\/v2\/users\/2"}],"replies":[{"embeddable":true,"href":"https:\/\/www.rne.cl\/index.php?rest_route=%2Fwp%2Fv2%2Fcomments&post=494"}],"version-history":[{"count":1,"href":"https:\/\/www.rne.cl\/index.php?rest_route=\/wp\/v2\/posts\/494\/revisions"}],"predecessor-version":[{"id":495,"href":"https:\/\/www.rne.cl\/index.php?rest_route=\/wp\/v2\/posts\/494\/revisions\/495"}],"wp:attachment":[{"href":"https:\/\/www.rne.cl\/index.php?rest_route=%2Fwp%2Fv2%2Fmedia&parent=494"}],"wp:term":[{"taxonomy":"category","embeddable":true,"href":"https:\/\/www.rne.cl\/index.php?rest_route=%2Fwp%2Fv2%2Fcategories&post=494"},{"taxonomy":"post_tag","embeddable":true,"href":"https:\/\/www.rne.cl\/index.php?rest_route=%2Fwp%2Fv2%2Ftags&post=494"}],"curies":[{"name":"wp","href":"https:\/\/api.w.org\/{rel}","templated":true}]}}