{"id":501,"date":"2025-01-10T19:06:27","date_gmt":"2025-01-10T19:06:27","guid":{"rendered":"https:\/\/www.rne.cl\/?p=501"},"modified":"2025-01-10T19:07:25","modified_gmt":"2025-01-10T19:07:25","slug":"se-declara-alerta-roja-para-la-comuna-de-quirihue-por-incendio-forestal","status":"publish","type":"post","link":"https:\/\/www.rne.cl\/?p=501","title":{"rendered":"Se declara Alerta Roja para la comuna de Quirihue por incendio forestal."},"content":{"rendered":"\n<p>10-01-2025 15:32<br><br> Regi\u00f3n de \u00d1uble<br><br><strong>Se declara Alerta Roja para la comuna de Quirihue por incendio forestal<\/strong><\/p>\n\n\n\n<figure class=\"wp-block-image size-full\"><img loading=\"lazy\" decoding=\"async\" width=\"679\" height=\"340\" src=\"https:\/\/www.rne.cl\/wp-content\/uploads\/2025\/01\/image.png\" alt=\"\" class=\"wp-image-507\" srcset=\"https:\/\/www.rne.cl\/wp-content\/uploads\/2025\/01\/image.png 679w, https:\/\/www.rne.cl\/wp-content\/uploads\/2025\/01\/image-300x150.png 300w, https:\/\/www.rne.cl\/wp-content\/uploads\/2025\/01\/image-500x250.png 500w\" sizes=\"auto, (max-width: 679px) 100vw, 679px\" \/><\/figure>\n\n\n\n<figure class=\"wp-block-image size-large\"><img loading=\"lazy\" decoding=\"async\" width=\"1280\" height=\"1280\" src=\"https:\/\/www.rne.cl\/wp-content\/uploads\/2025\/01\/Gg85hP8XkAAaZ5A.jpg\" alt=\"\" class=\"wp-image-508\" srcset=\"https:\/\/www.rne.cl\/wp-content\/uploads\/2025\/01\/Gg85hP8XkAAaZ5A.jpg 1280w, https:\/\/www.rne.cl\/wp-content\/uploads\/2025\/01\/Gg85hP8XkAAaZ5A-300x300.jpg 300w, https:\/\/www.rne.cl\/wp-content\/uploads\/2025\/01\/Gg85hP8XkAAaZ5A-1024x1024.jpg 1024w, https:\/\/www.rne.cl\/wp-content\/uploads\/2025\/01\/Gg85hP8XkAAaZ5A-150x150.jpg 150w, https:\/\/www.rne.cl\/wp-content\/uploads\/2025\/01\/Gg85hP8XkAAaZ5A-768x768.jpg 768w\" sizes=\"auto, (max-width: 1280px) 100vw, 1280px\" \/><\/figure>\n\n\n\n<p>La Direcci\u00f3n Regional de SENAPRED declara Alerta Roja por incendio forestal para la comuna de Quirihue con base en el informe de alerta t\u00e9cnica emitido por la Direcci\u00f3n Regional de CONAF, que se\u00f1ala lo siguiente:<br><br>Nombre del incendio<br>La Quebrada<br>Comuna (sector)<br>Quirihue (La Quebrada)<br>Estado<br>En combate<br>Superficie<br>4 hect\u00e1reas<br>Recursos<br>6 brigadas CONAF, 2 t\u00e9cnicos CONAF, 2 aviones cisterna y 1 helic\u00f3ptero.<br>Observaciones<br>Incendio se desarrolla cercano a sectores poblados.<br>Esta declaraci\u00f3n estar\u00e1 vigente a contar de la hora del presente informe y hasta que las condiciones as\u00ed lo ameriten.<br><br><a href=\"https:\/\/www.senapred.cl\/informate\/alerta\/se-declara-alerta-roja-para-la-comuna-de-quirihue-por-incendio-forestal-2\">Fuente: SENAPRED<\/a><\/p>\n\n\n\n<p>Imagen: Fuente Abierta Twitter.<\/p>\n\n\n\n<p><\/p>\n","protected":false},"excerpt":{"rendered":"<p>10-01-2025 15:32 Regi\u00f3n de \u00d1uble Se declara Alerta Roja para la comuna de Quirihue por incendio forestal La Direcci\u00f3n Regional de SENAPRED declara Alerta Roja por incendio forestal para la comuna de Quirihue con base en el informe de alerta &hellip; <a href=\"https:\/\/www.rne.cl\/?p=501\">Continuar leyendo <span class=\"meta-nav\">&rarr;<\/span><\/a><\/p>\n","protected":false},"author":2,"featured_media":0,"comment_status":"closed","ping_status":"closed","sticky":false,"template":"","format":"standard","meta":{"footnotes":""},"categories":[3],"tags":[],"class_list":["post-501","post","type-post","status-publish","format-standard","hentry","category-noticias"],"_links":{"self":[{"href":"https:\/\/www.rne.cl\/index.php?rest_route=\/wp\/v2\/posts\/501","targetHints":{"allow":["GET"]}}],"collection":[{"href":"https:\/\/www.rne.cl\/index.php?rest_route=\/wp\/v2\/posts"}],"about":[{"href":"https:\/\/www.rne.cl\/index.php?rest_route=\/wp\/v2\/types\/post"}],"author":[{"embeddable":true,"href":"https:\/\/www.rne.cl\/index.php?rest_route=\/wp\/v2\/users\/2"}],"replies":[{"embeddable":true,"href":"https:\/\/www.rne.cl\/index.php?rest_route=%2Fwp%2Fv2%2Fcomments&post=501"}],"version-history":[{"count":2,"href":"https:\/\/www.rne.cl\/index.php?rest_route=\/wp\/v2\/posts\/501\/revisions"}],"predecessor-version":[{"id":509,"href":"https:\/\/www.rne.cl\/index.php?rest_route=\/wp\/v2\/posts\/501\/revisions\/509"}],"wp:attachment":[{"href":"https:\/\/www.rne.cl\/index.php?rest_route=%2Fwp%2Fv2%2Fmedia&parent=501"}],"wp:term":[{"taxonomy":"category","embeddable":true,"href":"https:\/\/www.rne.cl\/index.php?rest_route=%2Fwp%2Fv2%2Fcategories&post=501"},{"taxonomy":"post_tag","embeddable":true,"href":"https:\/\/www.rne.cl\/index.php?rest_route=%2Fwp%2Fv2%2Ftags&post=501"}],"curies":[{"name":"wp","href":"https:\/\/api.w.org\/{rel}","templated":true}]}}