{"id":506,"date":"2025-01-13T20:13:04","date_gmt":"2025-01-13T20:13:04","guid":{"rendered":"https:\/\/www.rne.cl\/?p=506"},"modified":"2025-01-13T20:18:37","modified_gmt":"2025-01-13T20:18:37","slug":"politicas-publicas-y-decisiones-con-base-cientifica-ya-estan-disponibles-los-mapas-de-exposicion-al-calor-de-santiago","status":"publish","type":"post","link":"https:\/\/www.rne.cl\/?p=506","title":{"rendered":"Pol\u00edticas p\u00fablicas y decisiones con base cient\u00edfica: Ya est\u00e1n disponibles los mapas de exposici\u00f3n al calor de Santiago"},"content":{"rendered":"\n<figure class=\"wp-block-image size-full\"><img loading=\"lazy\" decoding=\"async\" width=\"1024\" height=\"682\" src=\"https:\/\/www.rne.cl\/wp-content\/uploads\/2025\/01\/DSC06099-1024x682-1.jpg\" alt=\"\" class=\"wp-image-515\" srcset=\"https:\/\/www.rne.cl\/wp-content\/uploads\/2025\/01\/DSC06099-1024x682-1.jpg 1024w, https:\/\/www.rne.cl\/wp-content\/uploads\/2025\/01\/DSC06099-1024x682-1-300x200.jpg 300w, https:\/\/www.rne.cl\/wp-content\/uploads\/2025\/01\/DSC06099-1024x682-1-768x512.jpg 768w, https:\/\/www.rne.cl\/wp-content\/uploads\/2025\/01\/DSC06099-1024x682-1-450x300.jpg 450w\" sizes=\"auto, (max-width: 1024px) 100vw, 1024px\" \/><\/figure>\n\n\n\n<p>Pol\u00edticas p\u00fablicas y decisiones con base cient\u00edfica: Ya est\u00e1n disponibles los mapas de exposici\u00f3n al calor de Santiago<br><br><strong>Con la presencia del Gobernador de la Regi\u00f3n Metropolitana, Claudio Orrego, las investigadoras de CIGIDEN Magdalena Gil y Raquel Jim\u00e9nez presentaron los mapas de exposici\u00f3n al calor del Gran Santiago, que apoyan la toma de decisiones en torno a esta amenaza.<\/strong><br><br><br>Un estudio pionero liderado por la acad\u00e9mica de la Universidad Andr\u00e9s Bello, Raquel Jim\u00e9nez, junto a la acad\u00e9mica de la Escuela de Gobierno UC, Magdalena Gil, ambas investigadoras del Centro de Investigaci\u00f3n para la Gesti\u00f3n Integrada del Riesgo de Desastres (CIGIDEN) ha develado la compleja realidad de la exposici\u00f3n al calor en Santiago, revelando significativas desigualdades y la necesidad urgente de pol\u00edticas p\u00fablicas basadas en datos. <br> <br>Los resultados, presentados el pasado viernes 10 de enero, destacan diferencias en la exposici\u00f3n al calor en zonas de la ciudad y han llevado al Gobernador de la Regi\u00f3n Metropolitana, Claudio Orrego, a comprometerse a utilizar esta investigaci\u00f3n para la toma de decisiones. Factores como el nivel socioecon\u00f3mico, la ubicaci\u00f3n geogr\u00e1fica y la vulnerabilidad personal juegan un papel crucial en la construcci\u00f3n del riesgo frente al calor.<br> <br>\u00abEste estudio nos ha permitido mapear de forma granular c\u00f3mo se distribuye el calor en la ciudad y d\u00f3nde se concentra la poblaci\u00f3n en las horas de m\u00e1s calor, destacando diferencias que eran invisibles con los datos tradicionales,\u00bb explic\u00f3 Raquel Jim\u00e9nez.<br> <br>Por su parte, Magdalena Gil recalc\u00f3 que gracias a la evidencia que existe en torno a la cuenca del Maipo, esta amenaza \u201ccolapsa los sistemas de emergencia y aumenta significativamente los casos de embarazo prematuro, y c\u00f3mo afecta la salud mental de las personas y c\u00f3mo puede tener relaci\u00f3n con la violencia intrafamiliar, con las peleas en las calles y otras cosas\u201d. <br> <br>Los datos generados a partir del proyecto SantiagoHOT, liderado por Jim\u00e9nez y la Universidad Andr\u00e9s Bello, permitieron visualizar c\u00f3mo las temperaturas var\u00edan significativamente incluso a escala de cuadras, y como la poblaci\u00f3n flotante (movimiento de personas en el d\u00eda) cambia la din\u00e1mica de exposici\u00f3n, contrastando con los datos del censo, que son est\u00e1ticos. Se demostr\u00f3 que ciertas comunas concentran no solo m\u00e1s poblaci\u00f3n sino tambi\u00e9n temperaturas m\u00e1s altas, resaltando la necesidad de enfocar recursos y acciones en los sectores m\u00e1s afectados. <br> <br>El Gobernador de la Regi\u00f3n Metropolitana, Claudio Orrego, destac\u00f3 el valor de la investigaci\u00f3n para tomar decisiones basadas en datos. \u00abEste estudio es un paso fundamental para hacer pol\u00edticas p\u00fablicas que reflejen la realidad de nuestra regi\u00f3n. Necesitamos medir, dimensionar y focalizar nuestras acciones para adaptarnos a la emergencia clim\u00e1tica\u00bb, enfatiz\u00f3 Orrego.<br> <br>Tambi\u00e9n resalt\u00f3 el compromiso del Gobierno Regional en combatir la desigualdad clim\u00e1tica, mencionando que se est\u00e1n implementando planes para aumentar la masa arb\u00f3rea en Santiago, crear bosques de bolsillo y mejorar la infraestructura de salud. Tambi\u00e9n expres\u00f3 la necesidad de que el sector privado se involucre, citando el ejemplo de Miami, donde las empresas tienen que proteger a sus trabajadores en los d\u00edas de calor extremo.<br><br><br><strong>Colaboraci\u00f3n entre academia, sector p\u00fablico y privado<\/strong><br> <br>La presentaci\u00f3n dej\u00f3 en claro la importancia de la colaboraci\u00f3n entre la academia, el sector p\u00fablico y el sector privado para abordar desaf\u00edos complejos como el calor extremo. Julio Covarrubia de Entel Digital, enfatiz\u00f3 que \u201clos datos de movilidad celular pueden ayudar a tomar decisiones m\u00e1s precisas y eficientes para el bien de la comunidad\u00bb. Esta alianza se presenta como un ejemplo de c\u00f3mo combinar conocimiento cient\u00edfico con tecnolog\u00eda y recursos para generar un impacto real en la sociedad. <br> <br>Los mapas y datos generados en este estudio estar\u00e1n disponibles en la p\u00e1gina web de SantiagoHOT (<a href=\"http:\/\/www.santiagohot.cl\">www.santiagohot.cl<\/a>) para que la comunidad, investigadores y tomadores de decisiones puedan consultarlos. Las investigadoras y el Gobernador invitaron a la comunidad a seguir involucr\u00e1ndose y a compartir sus dudas y comentarios sobre el tema. El Gobierno Regional se comprometi\u00f3 a seguir colaborando con CIGIDEN para profundizar la investigaci\u00f3n y la generaci\u00f3n de pol\u00edticas p\u00fablicas.<br> <br>Estos resultados marcan un hito en la comprensi\u00f3n del impacto del calor en Santiago y sientan las bases para acciones concretas. La combinaci\u00f3n de datos cient\u00edficos, la experiencia del sector privado y el compromiso del sector p\u00fablico promete generar soluciones que mejoren la calidad de vida de todos los habitantes de la regi\u00f3n metropolitana.<br><br><strong>Fuente: CIGIDEN<\/strong><br><\/p>\n","protected":false},"excerpt":{"rendered":"<p>Pol\u00edticas p\u00fablicas y decisiones con base cient\u00edfica: Ya est\u00e1n disponibles los mapas de exposici\u00f3n al calor de Santiago Con la presencia del Gobernador de la Regi\u00f3n Metropolitana, Claudio Orrego, las investigadoras de CIGIDEN Magdalena Gil y Raquel Jim\u00e9nez presentaron los &hellip; <a href=\"https:\/\/www.rne.cl\/?p=506\">Continuar leyendo <span class=\"meta-nav\">&rarr;<\/span><\/a><\/p>\n","protected":false},"author":2,"featured_media":0,"comment_status":"closed","ping_status":"closed","sticky":false,"template":"","format":"standard","meta":{"footnotes":""},"categories":[3],"tags":[],"class_list":["post-506","post","type-post","status-publish","format-standard","hentry","category-noticias"],"_links":{"self":[{"href":"https:\/\/www.rne.cl\/index.php?rest_route=\/wp\/v2\/posts\/506","targetHints":{"allow":["GET"]}}],"collection":[{"href":"https:\/\/www.rne.cl\/index.php?rest_route=\/wp\/v2\/posts"}],"about":[{"href":"https:\/\/www.rne.cl\/index.php?rest_route=\/wp\/v2\/types\/post"}],"author":[{"embeddable":true,"href":"https:\/\/www.rne.cl\/index.php?rest_route=\/wp\/v2\/users\/2"}],"replies":[{"embeddable":true,"href":"https:\/\/www.rne.cl\/index.php?rest_route=%2Fwp%2Fv2%2Fcomments&post=506"}],"version-history":[{"count":6,"href":"https:\/\/www.rne.cl\/index.php?rest_route=\/wp\/v2\/posts\/506\/revisions"}],"predecessor-version":[{"id":517,"href":"https:\/\/www.rne.cl\/index.php?rest_route=\/wp\/v2\/posts\/506\/revisions\/517"}],"wp:attachment":[{"href":"https:\/\/www.rne.cl\/index.php?rest_route=%2Fwp%2Fv2%2Fmedia&parent=506"}],"wp:term":[{"taxonomy":"category","embeddable":true,"href":"https:\/\/www.rne.cl\/index.php?rest_route=%2Fwp%2Fv2%2Fcategories&post=506"},{"taxonomy":"post_tag","embeddable":true,"href":"https:\/\/www.rne.cl\/index.php?rest_route=%2Fwp%2Fv2%2Ftags&post=506"}],"curies":[{"name":"wp","href":"https:\/\/api.w.org\/{rel}","templated":true}]}}