{"id":542,"date":"2025-02-20T15:26:52","date_gmt":"2025-02-20T15:26:52","guid":{"rendered":"https:\/\/www.rne.cl\/?p=542"},"modified":"2025-02-20T15:27:30","modified_gmt":"2025-02-20T15:27:30","slug":"noticia-15-anos-de-la-corporacion-ciudadana-red-nacional-de-emergencias","status":"publish","type":"post","link":"https:\/\/www.rne.cl\/?p=542","title":{"rendered":"Noticia: 15 A\u00f1os de la Corporaci\u00f3n Ciudadana Red Nacional de Emergencias"},"content":{"rendered":"\n<figure class=\"wp-block-image size-full\"><img loading=\"lazy\" decoding=\"async\" width=\"481\" height=\"551\" src=\"https:\/\/www.rne.cl\/wp-content\/uploads\/2025\/02\/rne-15-anos.jpeg\" alt=\"\" class=\"wp-image-545\" srcset=\"https:\/\/www.rne.cl\/wp-content\/uploads\/2025\/02\/rne-15-anos.jpeg 481w, https:\/\/www.rne.cl\/wp-content\/uploads\/2025\/02\/rne-15-anos-262x300.jpeg 262w\" sizes=\"auto, (max-width: 481px) 100vw, 481px\" \/><\/figure>\n\n\n\n<p>\ud83c\udf89 \u00a1Celebramos 15 a\u00f1os de la Corporaci\u00f3n Ciudadana Red Nacional de Emergencias! \u00danete a nuestro webinar el 27 de febrero a las 21:00 hrs, donde compartiremos nuestra historia y futuro. \u00a1No te lo pierdas! Inscr\u00edbete aqu\u00ed: <a href=\"https:\/\/forms.gle\/cSvVw1XKj9bp5eJR8\">https:\/\/forms.gle\/cSvVw1XKj9bp5eJR8<\/a> #Gesti\u00f3nDeRiesgo #RedNacionalDeEmergencias<br><br>El pr\u00f3ximo 27 de febrero, la Corporaci\u00f3n Ciudadana Red Nacional de Emergencias celebrar\u00e1 su 15\u00b0 aniversario, un hito significativo en la gesti\u00f3n del riesgo de desastres en Chile. Esta agrupaci\u00f3n naci\u00f3 como respuesta al devastador terremoto del 27 de febrero de 2010, cuyo impacto a\u00fan resuena en la memoria colectiva del pa\u00eds.<br><br>Durante estos a\u00f1os, los voluntarios y la sociedad civil organizada han sido pilares fundamentales en la prevenci\u00f3n y capacitaci\u00f3n en temas de gesti\u00f3n del riesgo. La Corporaci\u00f3n ha trabajado incansablemente para fortalecer la resiliencia de las comunidades, fomentando la conciencia sobre la importancia de estar preparados ante emergencias.<br><br>Con motivo de esta celebraci\u00f3n, la Corporaci\u00f3n est\u00e1 organizando un webinar online en el que se compartir\u00e1 la historia de su formaci\u00f3n, su situaci\u00f3n actual y el futuro que se vislumbra, todo desde la perspectiva de sus filiales regionales. Invitamos a la comunidad a participar en esta actividad gratuita y 100% online, que se llevar\u00e1 a cabo el pr\u00f3ximo jueves 27 de febrero a las 21:00 hrs. <br><br>El compromiso y la colaboraci\u00f3n de sus miembros han permitido desarrollar una red de apoyo y recursos, promoviendo la autoeficacia y seguridad en la poblaci\u00f3n. Este aniversario no solo conmemora su trayectoria, sino que tambi\u00e9n reafirma la importancia del trabajo conjunto en la construcci\u00f3n de un futuro m\u00e1s seguro para todos.<br><\/p>\n","protected":false},"excerpt":{"rendered":"<p>\ud83c\udf89 \u00a1Celebramos 15 a\u00f1os de la Corporaci\u00f3n Ciudadana Red Nacional de Emergencias! \u00danete a nuestro webinar el 27 de febrero a las 21:00 hrs, donde compartiremos nuestra historia y futuro. \u00a1No te lo pierdas! Inscr\u00edbete aqu\u00ed: https:\/\/forms.gle\/cSvVw1XKj9bp5eJR8 #Gesti\u00f3nDeRiesgo #RedNacionalDeEmergencias El &hellip; <a href=\"https:\/\/www.rne.cl\/?p=542\">Continuar leyendo <span class=\"meta-nav\">&rarr;<\/span><\/a><\/p>\n","protected":false},"author":2,"featured_media":0,"comment_status":"closed","ping_status":"closed","sticky":false,"template":"","format":"standard","meta":{"footnotes":""},"categories":[3],"tags":[],"class_list":["post-542","post","type-post","status-publish","format-standard","hentry","category-noticias"],"_links":{"self":[{"href":"https:\/\/www.rne.cl\/index.php?rest_route=\/wp\/v2\/posts\/542","targetHints":{"allow":["GET"]}}],"collection":[{"href":"https:\/\/www.rne.cl\/index.php?rest_route=\/wp\/v2\/posts"}],"about":[{"href":"https:\/\/www.rne.cl\/index.php?rest_route=\/wp\/v2\/types\/post"}],"author":[{"embeddable":true,"href":"https:\/\/www.rne.cl\/index.php?rest_route=\/wp\/v2\/users\/2"}],"replies":[{"embeddable":true,"href":"https:\/\/www.rne.cl\/index.php?rest_route=%2Fwp%2Fv2%2Fcomments&post=542"}],"version-history":[{"count":3,"href":"https:\/\/www.rne.cl\/index.php?rest_route=\/wp\/v2\/posts\/542\/revisions"}],"predecessor-version":[{"id":547,"href":"https:\/\/www.rne.cl\/index.php?rest_route=\/wp\/v2\/posts\/542\/revisions\/547"}],"wp:attachment":[{"href":"https:\/\/www.rne.cl\/index.php?rest_route=%2Fwp%2Fv2%2Fmedia&parent=542"}],"wp:term":[{"taxonomy":"category","embeddable":true,"href":"https:\/\/www.rne.cl\/index.php?rest_route=%2Fwp%2Fv2%2Fcategories&post=542"},{"taxonomy":"post_tag","embeddable":true,"href":"https:\/\/www.rne.cl\/index.php?rest_route=%2Fwp%2Fv2%2Ftags&post=542"}],"curies":[{"name":"wp","href":"https:\/\/api.w.org\/{rel}","templated":true}]}}