{"id":548,"date":"2025-02-27T13:32:12","date_gmt":"2025-02-27T13:32:12","guid":{"rendered":"https:\/\/www.rne.cl\/?p=548"},"modified":"2025-02-27T23:26:02","modified_gmt":"2025-02-27T23:26:02","slug":"webinarla-corporacion-ciudadana-red-nacional-de-emergencias-y-su-impacto-en-la-gestion-del-riesgo-en-chile-a-15-anos-de-su-creacion","status":"publish","type":"post","link":"https:\/\/www.rne.cl\/?p=548","title":{"rendered":"Webinar:La Corporaci\u00f3n Ciudadana Red Nacional de Emergencias y su Impacto en la Gesti\u00f3n del Riesgo en Chile a 15 a\u00f1os de su creaci\u00f3n."},"content":{"rendered":"\n<figure class=\"wp-block-image size-full\"><img loading=\"lazy\" decoding=\"async\" width=\"569\" height=\"266\" src=\"https:\/\/www.rne.cl\/wp-content\/uploads\/2025\/02\/webinar-rne-titulo.png\" alt=\"\" class=\"wp-image-549\" srcset=\"https:\/\/www.rne.cl\/wp-content\/uploads\/2025\/02\/webinar-rne-titulo.png 569w, https:\/\/www.rne.cl\/wp-content\/uploads\/2025\/02\/webinar-rne-titulo-300x140.png 300w, https:\/\/www.rne.cl\/wp-content\/uploads\/2025\/02\/webinar-rne-titulo-500x234.png 500w\" sizes=\"auto, (max-width: 569px) 100vw, 569px\" \/><\/figure>\n\n\n\n<p><strong>Webinar:<br>La Corporaci\u00f3n Ciudadana Red Nacional de Emergencias y su Impacto en la Gesti\u00f3n del Riesgo en Chile a 15 a\u00f1os de su creaci\u00f3n.<\/strong><\/p>\n\n\n\n<figure class=\"wp-block-embed is-type-video is-provider-youtube wp-block-embed-youtube wp-embed-aspect-16-9 wp-has-aspect-ratio\"><div class=\"wp-block-embed__wrapper\">\n<iframe loading=\"lazy\" title=\"Webinar 15 a\u00f1os RNE y 27F\" width=\"584\" height=\"329\" src=\"https:\/\/www.youtube.com\/embed\/-oWmuGSY4vM?feature=oembed\" frameborder=\"0\" allow=\"accelerometer; autoplay; clipboard-write; encrypted-media; gyroscope; picture-in-picture; web-share\" referrerpolicy=\"strict-origin-when-cross-origin\" allowfullscreen><\/iframe>\n<\/div><\/figure>\n\n\n\n<p>Fecha: 27 de Febrero 2025 21:00hrs<\/p>\n\n\n\n<p>Lugar: Online Youtube<\/p>\n\n\n\n<p><strong>1. Presentaci\u00f3n y Saludo&nbsp;<\/strong><\/p>\n\n\n\n<p>Breve introducci\u00f3n del moderador.<\/p>\n\n\n\n<p>Agradecimientos a los participantes y ponentes.<\/p>\n\n\n\n<p>Resumen del prop\u00f3sito del webinar.<\/p>\n\n\n\n<p><strong>2. Presentaci\u00f3n: Nacimiento y Creaci\u00f3n de la Corporaci\u00f3n Ciudadana Red Nacional de Emergencias&nbsp;<\/strong><\/p>\n\n\n\n<p>Historia y contexto de su fundaci\u00f3n.<\/p>\n\n\n\n<p>Objetivos y misi\u00f3n de la Corporaci\u00f3n.<\/p>\n\n\n\n<p>Importancia en el \u00e1mbito de la gesti\u00f3n del riesgo de desastres.<\/p>\n\n\n\n<p><strong>3. Presentaci\u00f3n: RNE Calama&nbsp;<\/strong><\/p>\n\n\n\n<p>Introducci\u00f3n a la Red Nacional de Emergencias en Calama.<\/p>\n\n\n\n<p>Proyectos y actividades destacadas.<\/p>\n\n\n\n<p>Impacto en la comunidad local y lecciones aprendidas.<\/p>\n\n\n\n<p><strong>4. Presentaci\u00f3n: RNE Araucan\u00eda&nbsp;<\/strong><\/p>\n\n\n\n<p>Introducci\u00f3n a la Red Nacional de Emergencias en Araucan\u00eda.<\/p>\n\n\n\n<p>Proyectos y actividades relevantes.<\/p>\n\n\n\n<p>Colaboraciones y su rol en la gesti\u00f3n del riesgo.<\/p>\n\n\n\n<p><strong>5. Invitado:<\/strong><\/p>\n\n\n\n<p>Michel De L&#8217;Herbe Consultant &#8211; Emergency Management. profesional experto en gesti\u00f3n de emergencias, reducci\u00f3n de riesgos de desastres y seguridad p\u00fablica<\/p>\n\n\n\n<p><strong>6. Invitado:&nbsp;<\/strong><\/p>\n\n\n\n<p>Ian Gorayeb Fuentes (PhD en Sostenibilidad y Mg en Gesti\u00f3n del Riesgo de Desastres)<\/p>\n\n\n\n<p><strong>7. Mesa Redonda:<\/strong><\/p>\n\n\n\n<p>El Futuro de la RNE y las Organizaciones de la Sociedad Civil en la Gesti\u00f3n del Riesgo del Desastre en Chile&nbsp;<\/p>\n\n\n\n<p>Discusi\u00f3n sobre los desaf\u00edos futuros y las oportunidades de colaboraci\u00f3n.<\/p>\n\n\n\n<p>Preguntas y respuestas de los participantes.<\/p>\n\n\n\n<p>Conclusiones y cierre.<\/p>\n","protected":false},"excerpt":{"rendered":"<p>Webinar:La Corporaci\u00f3n Ciudadana Red Nacional de Emergencias y su Impacto en la Gesti\u00f3n del Riesgo en Chile a 15 a\u00f1os de su creaci\u00f3n. Fecha: 27 de Febrero 2025 21:00hrs Lugar: Online Youtube 1. Presentaci\u00f3n y Saludo&nbsp; Breve introducci\u00f3n del moderador. &hellip; <a href=\"https:\/\/www.rne.cl\/?p=548\">Continuar leyendo <span class=\"meta-nav\">&rarr;<\/span><\/a><\/p>\n","protected":false},"author":2,"featured_media":0,"comment_status":"closed","ping_status":"closed","sticky":false,"template":"","format":"standard","meta":{"footnotes":""},"categories":[3],"tags":[],"class_list":["post-548","post","type-post","status-publish","format-standard","hentry","category-noticias"],"_links":{"self":[{"href":"https:\/\/www.rne.cl\/index.php?rest_route=\/wp\/v2\/posts\/548","targetHints":{"allow":["GET"]}}],"collection":[{"href":"https:\/\/www.rne.cl\/index.php?rest_route=\/wp\/v2\/posts"}],"about":[{"href":"https:\/\/www.rne.cl\/index.php?rest_route=\/wp\/v2\/types\/post"}],"author":[{"embeddable":true,"href":"https:\/\/www.rne.cl\/index.php?rest_route=\/wp\/v2\/users\/2"}],"replies":[{"embeddable":true,"href":"https:\/\/www.rne.cl\/index.php?rest_route=%2Fwp%2Fv2%2Fcomments&post=548"}],"version-history":[{"count":4,"href":"https:\/\/www.rne.cl\/index.php?rest_route=\/wp\/v2\/posts\/548\/revisions"}],"predecessor-version":[{"id":553,"href":"https:\/\/www.rne.cl\/index.php?rest_route=\/wp\/v2\/posts\/548\/revisions\/553"}],"wp:attachment":[{"href":"https:\/\/www.rne.cl\/index.php?rest_route=%2Fwp%2Fv2%2Fmedia&parent=548"}],"wp:term":[{"taxonomy":"category","embeddable":true,"href":"https:\/\/www.rne.cl\/index.php?rest_route=%2Fwp%2Fv2%2Fcategories&post=548"},{"taxonomy":"post_tag","embeddable":true,"href":"https:\/\/www.rne.cl\/index.php?rest_route=%2Fwp%2Fv2%2Ftags&post=548"}],"curies":[{"name":"wp","href":"https:\/\/api.w.org\/{rel}","templated":true}]}}