{"id":557,"date":"2025-05-19T02:04:06","date_gmt":"2025-05-19T02:04:06","guid":{"rendered":"https:\/\/www.rne.cl\/?p=557"},"modified":"2025-05-19T02:04:14","modified_gmt":"2025-05-19T02:04:14","slug":"%f0%9f%93%b0-invitacion-a-los-medios-de-comunicacion-%f0%9f%93%b0","status":"publish","type":"post","link":"https:\/\/www.rne.cl\/?p=557","title":{"rendered":"\ud83d\udcf0 Invitaci\u00f3n a los Medios de Comunicaci\u00f3n \ud83d\udcf0"},"content":{"rendered":"La ONG Red Nacional de Emergencias (RNE) extiende una cordial invitaci\u00f3n a todos los medios de comunicaci\u00f3n regionales, provinciales y comunales a unirse a nuestra red.<br \/><br \/>\ud83c\udf10 \u00danete a Nosotros:<br \/>Forma parte de un esfuerzo colaborativo para fortalecer nuestra respuesta ante situaciones de emergencia. <br \/><br \/>\ud83d\udd0d \u00bfPor Qu\u00e9 Unirte?<br \/><br \/>Acceso a informaci\u00f3n crucial en tiempo real.<br \/>Coordinaci\u00f3n efectiva durante emergencias.<br \/>Ampl\u00eda tu red de contactos y recursos.<br \/>\ud83d\udce9 M\u00e1s Informaci\u00f3n:<br \/>Env\u00edanos un DM o escr\u00edbenos al correo: director@reddeemergencia.cl<br \/><br \/>Juntos podemos hacer una diferencia significativa en nuestros esfuerzos de emergencia. \u00a1Esperamos tu participaci\u00f3n!","protected":false},"excerpt":{"rendered":"<p>La ONG Red Nacional de Emergencias (RNE) extiende una cordial invitaci\u00f3n a todos los medios de comunicaci\u00f3n regionales, provinciales y comunales a unirse a nuestra red. \ud83c\udf10 \u00danete a Nosotros:Forma parte de un esfuerzo colaborativo para fortalecer nuestra respuesta ante &hellip; <a href=\"https:\/\/www.rne.cl\/?p=557\">Continuar leyendo <span class=\"meta-nav\">&rarr;<\/span><\/a><\/p>\n","protected":false},"author":2,"featured_media":0,"comment_status":"closed","ping_status":"closed","sticky":false,"template":"","format":"standard","meta":{"footnotes":""},"categories":[3],"tags":[],"class_list":["post-557","post","type-post","status-publish","format-standard","hentry","category-noticias"],"_links":{"self":[{"href":"https:\/\/www.rne.cl\/index.php?rest_route=\/wp\/v2\/posts\/557","targetHints":{"allow":["GET"]}}],"collection":[{"href":"https:\/\/www.rne.cl\/index.php?rest_route=\/wp\/v2\/posts"}],"about":[{"href":"https:\/\/www.rne.cl\/index.php?rest_route=\/wp\/v2\/types\/post"}],"author":[{"embeddable":true,"href":"https:\/\/www.rne.cl\/index.php?rest_route=\/wp\/v2\/users\/2"}],"replies":[{"embeddable":true,"href":"https:\/\/www.rne.cl\/index.php?rest_route=%2Fwp%2Fv2%2Fcomments&post=557"}],"version-history":[{"count":1,"href":"https:\/\/www.rne.cl\/index.php?rest_route=\/wp\/v2\/posts\/557\/revisions"}],"predecessor-version":[{"id":558,"href":"https:\/\/www.rne.cl\/index.php?rest_route=\/wp\/v2\/posts\/557\/revisions\/558"}],"wp:attachment":[{"href":"https:\/\/www.rne.cl\/index.php?rest_route=%2Fwp%2Fv2%2Fmedia&parent=557"}],"wp:term":[{"taxonomy":"category","embeddable":true,"href":"https:\/\/www.rne.cl\/index.php?rest_route=%2Fwp%2Fv2%2Fcategories&post=557"},{"taxonomy":"post_tag","embeddable":true,"href":"https:\/\/www.rne.cl\/index.php?rest_route=%2Fwp%2Fv2%2Ftags&post=557"}],"curies":[{"name":"wp","href":"https:\/\/api.w.org\/{rel}","templated":true}]}}