{"id":561,"date":"2025-06-07T14:57:22","date_gmt":"2025-06-07T14:57:22","guid":{"rendered":"https:\/\/www.rne.cl\/?p=561"},"modified":"2025-06-09T15:47:32","modified_gmt":"2025-06-09T15:47:32","slug":"reflexion-tras-el-sismo-en-la-region-de-atacama-fuente-pedro-berrios-molina-fundador-ong-red-nacional-de-emergencias-fecha-7-de-junio-de-2025","status":"publish","type":"post","link":"https:\/\/www.rne.cl\/?p=561","title":{"rendered":"Reflexi\u00f3n tras el sismo en la Regi\u00f3n de Atacama"},"content":{"rendered":"\n<figure class=\"wp-block-image size-large\"><img loading=\"lazy\" decoding=\"async\" width=\"1024\" height=\"647\" src=\"https:\/\/www.rne.cl\/wp-content\/uploads\/2025\/06\/image-1024x647.png\" alt=\"\" class=\"wp-image-562\" srcset=\"https:\/\/www.rne.cl\/wp-content\/uploads\/2025\/06\/image-1024x647.png 1024w, https:\/\/www.rne.cl\/wp-content\/uploads\/2025\/06\/image-300x190.png 300w, https:\/\/www.rne.cl\/wp-content\/uploads\/2025\/06\/image-768x485.png 768w, https:\/\/www.rne.cl\/wp-content\/uploads\/2025\/06\/image-475x300.png 475w, https:\/\/www.rne.cl\/wp-content\/uploads\/2025\/06\/image.png 1068w\" sizes=\"auto, (max-width: 1024px) 100vw, 1024px\" \/><\/figure>\n\n\n\n<p>Fotograf\u00eda: Diario El Centro <\/p>\n\n\n\n<p>El d\u00eda de ayer, la tierra volvi\u00f3 a recordarnos cu\u00e1n fr\u00e1giles podemos ser frente a la fuerza de la naturaleza. El sismo que afect\u00f3 a la regi\u00f3n de Atacama es un llamado de atenci\u00f3n que no podemos ignorar, especialmente en un pa\u00eds como Chile, donde los movimientos tel\u00faricos forman parte de nuestra realidad cotidiana.<\/p>\n\n\n\n<p>Aunque afortunadamente no se han reportado consecuencias graves, este evento debe motivarnos a reflexionar seriamente sobre la importancia de la preparaci\u00f3n previa ante este tipo de emergencias. La experiencia nos ha ense\u00f1ado que no basta con reaccionar en el momento: debemos estar preparados antes de que ocurran estos fen\u00f3menos, con planes claros y bien establecidos, tanto a nivel familiar como en nuestros lugares de trabajo y estudio.<\/p>\n\n\n\n<p>Tener un plan de emergencia no es una exageraci\u00f3n, es una necesidad. Saber qu\u00e9 hacer, a d\u00f3nde ir, c\u00f3mo comunicarse con nuestros seres queridos y cu\u00e1les son las zonas de seguridad puede marcar la diferencia entre el caos y una respuesta organizada. Ensayar evacuaciones, conocer las rutas de escape y tener a mano un kit de emergencia son medidas b\u00e1sicas que pueden salvar vidas.<\/p>\n\n\n\n<p>Es fundamental entender que la naturaleza es impredecible. Por ello, vivir en un pa\u00eds s\u00edsmico como el nuestro implica una responsabilidad constante: estar siempre preparados. La tranquilidad y seguridad en momentos de crisis no se improvisan, se construyen con anticipaci\u00f3n.<\/p>\n\n\n\n<p>En el momento de una emergencia, seguir las instrucciones de las autoridades locales es clave. Ellos cuentan con la informaci\u00f3n y la experiencia para guiar a la poblaci\u00f3n de forma segura. Si se indica una evacuaci\u00f3n, esta debe realizarse de manera ordenada, tomando todas las precauciones necesarias. Actuar precipitadamente o sin direcci\u00f3n puede poner en riesgo nuestra vida y la de otros.<\/p>\n\n\n\n<p>Por eso, reforzamos el mensaje: la preparaci\u00f3n salva vidas. Que este sismo sea una oportunidad para revisar nuestros planes de emergencia, conversar en familia sobre c\u00f3mo actuar, coordinar con compa\u00f1eros de trabajo o estudios, y, sobre todo, mantenernos siempre informados y alertas.<\/p>\n\n\n\n<p>Porque cuando la tierra se mueve, nuestra mejor defensa es estar preparados.<\/p>\n\n\n\n<p>&#8211; Autor: Pedro Berr\u00edos Molina Fundador ONG Red Nacional de Emergencias &#8211; Fecha: 7 de junio de 2025<\/p>\n","protected":false},"excerpt":{"rendered":"<p>Fotograf\u00eda: Diario El Centro El d\u00eda de ayer, la tierra volvi\u00f3 a recordarnos cu\u00e1n fr\u00e1giles podemos ser frente a la fuerza de la naturaleza. El sismo que afect\u00f3 a la regi\u00f3n de Atacama es un llamado de atenci\u00f3n que no &hellip; <a href=\"https:\/\/www.rne.cl\/?p=561\">Continuar leyendo <span class=\"meta-nav\">&rarr;<\/span><\/a><\/p>\n","protected":false},"author":4,"featured_media":0,"comment_status":"closed","ping_status":"closed","sticky":false,"template":"","format":"standard","meta":{"footnotes":""},"categories":[3],"tags":[],"class_list":["post-561","post","type-post","status-publish","format-standard","hentry","category-noticias"],"_links":{"self":[{"href":"https:\/\/www.rne.cl\/index.php?rest_route=\/wp\/v2\/posts\/561","targetHints":{"allow":["GET"]}}],"collection":[{"href":"https:\/\/www.rne.cl\/index.php?rest_route=\/wp\/v2\/posts"}],"about":[{"href":"https:\/\/www.rne.cl\/index.php?rest_route=\/wp\/v2\/types\/post"}],"author":[{"embeddable":true,"href":"https:\/\/www.rne.cl\/index.php?rest_route=\/wp\/v2\/users\/4"}],"replies":[{"embeddable":true,"href":"https:\/\/www.rne.cl\/index.php?rest_route=%2Fwp%2Fv2%2Fcomments&post=561"}],"version-history":[{"count":2,"href":"https:\/\/www.rne.cl\/index.php?rest_route=\/wp\/v2\/posts\/561\/revisions"}],"predecessor-version":[{"id":564,"href":"https:\/\/www.rne.cl\/index.php?rest_route=\/wp\/v2\/posts\/561\/revisions\/564"}],"wp:attachment":[{"href":"https:\/\/www.rne.cl\/index.php?rest_route=%2Fwp%2Fv2%2Fmedia&parent=561"}],"wp:term":[{"taxonomy":"category","embeddable":true,"href":"https:\/\/www.rne.cl\/index.php?rest_route=%2Fwp%2Fv2%2Fcategories&post=561"},{"taxonomy":"post_tag","embeddable":true,"href":"https:\/\/www.rne.cl\/index.php?rest_route=%2Fwp%2Fv2%2Ftags&post=561"}],"curies":[{"name":"wp","href":"https:\/\/api.w.org\/{rel}","templated":true}]}}