{"id":566,"date":"2025-07-02T02:17:07","date_gmt":"2025-07-02T02:17:07","guid":{"rendered":"https:\/\/www.rne.cl\/?p=566"},"modified":"2025-07-02T02:17:26","modified_gmt":"2025-07-02T02:17:26","slug":"seminario-mire-2025-presentara-los-ultimos-avances-y-tecnologias-en-rescate-y-seguridad-minera","status":"publish","type":"post","link":"https:\/\/www.rne.cl\/?p=566","title":{"rendered":"\u00abSeminario MIRE 2025 presentara\u0301 los u\u0301ltimos avances y tecnologi\u0301as en rescate y seguridad minera"},"content":{"rendered":"\n<figure class=\"wp-block-image size-large\"><img loading=\"lazy\" decoding=\"async\" width=\"1024\" height=\"375\" src=\"https:\/\/www.rne.cl\/wp-content\/uploads\/2025\/07\/image-2-1024x375.png\" alt=\"\" class=\"wp-image-572\" srcset=\"https:\/\/www.rne.cl\/wp-content\/uploads\/2025\/07\/image-2-1024x375.png 1024w, https:\/\/www.rne.cl\/wp-content\/uploads\/2025\/07\/image-2-300x110.png 300w, https:\/\/www.rne.cl\/wp-content\/uploads\/2025\/07\/image-2-768x281.png 768w, https:\/\/www.rne.cl\/wp-content\/uploads\/2025\/07\/image-2-500x183.png 500w, https:\/\/www.rne.cl\/wp-content\/uploads\/2025\/07\/image-2.png 1198w\" sizes=\"auto, (max-width: 1024px) 100vw, 1024px\" \/><\/figure>\n\n\n\n<p>Por Fabi\u00e1n Vald\u00e9s Aedo 18 de junio de 2025<br><br>Enfocado en minimizar los riesgos y proteger la vida de las personas, MIRE 2025 abordar\u00e1 el uso de tecnolog\u00eda para fortalecer la preparaci\u00f3n, prevenci\u00f3n y respuesta ante emergencias mineras. La segunda versi\u00f3n del Seminario Internacional de Rescate y Seguridad Minera, reunir\u00e1 a representantes de la industria con autoridades de gobierno y expertos internacionales en un entorno de conocimiento y cooperaci\u00f3n.<br><br>La instancia ser\u00e1 un espacio donde los profesionales actualizar\u00e1n sus competencias a trav\u00e9s del aprendizaje de nuevas tecnolog\u00edas como drones, sensores inteligentes, equipos de respiraci\u00f3n avanzados, IA, IoT, comunicaciones, rob\u00f3tica y veh\u00edculos t\u00e1cticos. \u201cCada mina se enfrenta a retos \u00fanicos relacionados con la salud y la seguridad, lo que hace necesario fortalecer el compromiso de las empresas por una formaci\u00f3n actualizada, un tiempo de transici\u00f3n adecuado y una correcta evaluaci\u00f3n de los resultados\u201d, menciona Manuel Pelegr\u00edn, gerente de MIRE.<br><br>En sus tres d\u00edas, el seminario contar\u00e1 con oradores de Europa, Ocean\u00eda, Asia y Am\u00e9rica que realizar\u00e1n exposiciones magistrales sobre gesti\u00f3n de emergencias, rescate y seguridad. Adem\u00e1s, contar\u00e1 con talleres, charlas e instancias de networking para facilitar la conversaci\u00f3n y el encuentro entre representantes de la industria, marcas internacionales y expertos.<br><br>MIRE 2025, actividad reconocida por el Servicio Nacional de Capacitaci\u00f3n y Empleo (SENCE), se desarrollar\u00e1 entre el 12 y el 14 de agosto de 2025 en el Hotel Le M\u00e9ridien, en el centro hist\u00f3rico de Santiago de Chile. \u201cEs una instancia \u00fanica en Chile donde confluye un universo de personas dedicadas al rescate y la seguridad en la miner\u00eda para fomentar una cultura de seguridad y formar equipos de alto desempe\u00f1o\u201d, comenta Pelegr\u00edn sobre el seminario.<br><br>Para inscribirse y conocer m\u00e1s sobre el seminario, las personas pueden visitar <a href=\"http:\/\/www.mire.cl\" data-type=\"link\" data-id=\"www.mire.cl\">www.mire.cl <\/a>y la p\u00e1gina de LinkedIn \u2018MIRE | Rescate y Seguridad Minera\u2019.<br><br><strong>Antecedentes generales<\/strong><br><br>Nombre oficial: MIRE 2025 | Seminario Internacional de Rescate y Seguridad Minera<br>\u2022 Fecha: 12, 13 y 14 de agosto<br>\u2022 Lugar: Hotel Le M\u00e9ridien Santiago (Av. Libertador General Bernardo O\u2019Higgins 136, Santiago de Chile)<br>\u2022 Sitio web: <a href=\"http:\/\/www.mire.cl\" data-type=\"link\" data-id=\"www.mire.cl\">www.mire.cl<\/a><br>\u2022 P\u00e1gina en LinkedIn: MIRE | Rescate y Seguridad Minera<br>\u2022 Evento en LinkedIn: MIRE 2025 | Seminario Internacional de Rescate y Seguridad Minera<br>\u2022 Venta de tickets: <a href=\"http:\/\/welcu.com\" data-type=\"link\" data-id=\"welcu.com\">welcu.com<\/a><br><br><strong>Exposiciones Magistrales MIRE 2025<\/strong><\/p>\n\n\n\n<figure class=\"wp-block-image size-full\"><img loading=\"lazy\" decoding=\"async\" width=\"873\" height=\"473\" src=\"https:\/\/www.rne.cl\/wp-content\/uploads\/2025\/07\/mire_expositores_1.jpg\" alt=\"\" class=\"wp-image-569\" srcset=\"https:\/\/www.rne.cl\/wp-content\/uploads\/2025\/07\/mire_expositores_1.jpg 873w, https:\/\/www.rne.cl\/wp-content\/uploads\/2025\/07\/mire_expositores_1-300x163.jpg 300w, https:\/\/www.rne.cl\/wp-content\/uploads\/2025\/07\/mire_expositores_1-768x416.jpg 768w, https:\/\/www.rne.cl\/wp-content\/uploads\/2025\/07\/mire_expositores_1-500x271.jpg 500w\" sizes=\"auto, (max-width: 873px) 100vw, 873px\" \/><\/figure>\n\n\n\n<figure class=\"wp-block-image size-full\"><img loading=\"lazy\" decoding=\"async\" width=\"851\" height=\"564\" src=\"https:\/\/www.rne.cl\/wp-content\/uploads\/2025\/07\/image.png\" alt=\"\" class=\"wp-image-570\" srcset=\"https:\/\/www.rne.cl\/wp-content\/uploads\/2025\/07\/image.png 851w, https:\/\/www.rne.cl\/wp-content\/uploads\/2025\/07\/image-300x199.png 300w, https:\/\/www.rne.cl\/wp-content\/uploads\/2025\/07\/image-768x509.png 768w, https:\/\/www.rne.cl\/wp-content\/uploads\/2025\/07\/image-453x300.png 453w\" sizes=\"auto, (max-width: 851px) 100vw, 851px\" \/><\/figure>\n\n\n\n<figure class=\"wp-block-image size-full\"><img loading=\"lazy\" decoding=\"async\" width=\"868\" height=\"209\" src=\"https:\/\/www.rne.cl\/wp-content\/uploads\/2025\/07\/image-1.png\" alt=\"\" class=\"wp-image-571\" srcset=\"https:\/\/www.rne.cl\/wp-content\/uploads\/2025\/07\/image-1.png 868w, https:\/\/www.rne.cl\/wp-content\/uploads\/2025\/07\/image-1-300x72.png 300w, https:\/\/www.rne.cl\/wp-content\/uploads\/2025\/07\/image-1-768x185.png 768w, https:\/\/www.rne.cl\/wp-content\/uploads\/2025\/07\/image-1-500x120.png 500w\" sizes=\"auto, (max-width: 868px) 100vw, 868px\" \/><\/figure>\n","protected":false},"excerpt":{"rendered":"<p>Por Fabi\u00e1n Vald\u00e9s Aedo 18 de junio de 2025 Enfocado en minimizar los riesgos y proteger la vida de las personas, MIRE 2025 abordar\u00e1 el uso de tecnolog\u00eda para fortalecer la preparaci\u00f3n, prevenci\u00f3n y respuesta ante emergencias mineras. La segunda &hellip; <a href=\"https:\/\/www.rne.cl\/?p=566\">Continuar leyendo <span class=\"meta-nav\">&rarr;<\/span><\/a><\/p>\n","protected":false},"author":2,"featured_media":0,"comment_status":"closed","ping_status":"closed","sticky":false,"template":"","format":"standard","meta":{"footnotes":""},"categories":[3],"tags":[],"class_list":["post-566","post","type-post","status-publish","format-standard","hentry","category-noticias"],"_links":{"self":[{"href":"https:\/\/www.rne.cl\/index.php?rest_route=\/wp\/v2\/posts\/566","targetHints":{"allow":["GET"]}}],"collection":[{"href":"https:\/\/www.rne.cl\/index.php?rest_route=\/wp\/v2\/posts"}],"about":[{"href":"https:\/\/www.rne.cl\/index.php?rest_route=\/wp\/v2\/types\/post"}],"author":[{"embeddable":true,"href":"https:\/\/www.rne.cl\/index.php?rest_route=\/wp\/v2\/users\/2"}],"replies":[{"embeddable":true,"href":"https:\/\/www.rne.cl\/index.php?rest_route=%2Fwp%2Fv2%2Fcomments&post=566"}],"version-history":[{"count":2,"href":"https:\/\/www.rne.cl\/index.php?rest_route=\/wp\/v2\/posts\/566\/revisions"}],"predecessor-version":[{"id":573,"href":"https:\/\/www.rne.cl\/index.php?rest_route=\/wp\/v2\/posts\/566\/revisions\/573"}],"wp:attachment":[{"href":"https:\/\/www.rne.cl\/index.php?rest_route=%2Fwp%2Fv2%2Fmedia&parent=566"}],"wp:term":[{"taxonomy":"category","embeddable":true,"href":"https:\/\/www.rne.cl\/index.php?rest_route=%2Fwp%2Fv2%2Fcategories&post=566"},{"taxonomy":"post_tag","embeddable":true,"href":"https:\/\/www.rne.cl\/index.php?rest_route=%2Fwp%2Fv2%2Ftags&post=566"}],"curies":[{"name":"wp","href":"https:\/\/api.w.org\/{rel}","templated":true}]}}