{"id":599,"date":"2026-01-18T12:34:40","date_gmt":"2026-01-18T12:34:40","guid":{"rendered":"https:\/\/www.rne.cl\/?p=599"},"modified":"2026-01-18T12:35:59","modified_gmt":"2026-01-18T12:35:59","slug":"balance-preliminar-cifra-en-253-las-casas-destruidas-por-incendio-forestal-en-la-comuna-de-concepcion-fuente-biochile-cl-domingo-18-enero-de-2026-0633-por-gerson-guzman-d-jefe-de-prensa-en","status":"publish","type":"post","link":"https:\/\/www.rne.cl\/?p=599","title":{"rendered":"Balance preliminar cifra en 253 las casas destruidas por incendio forestal en la comuna de Concepci\u00f3n &#8211; Fuente: BioChile.cl &#8211; Domingo 18 enero de 2026 | 06:33 &#8211; Por Gerson Guzm\u00e1n D &#8211; Jefe de Prensa en BioBioChile"},"content":{"rendered":"\n<figure class=\"wp-block-image size-large\"><img loading=\"lazy\" decoding=\"async\" width=\"1024\" height=\"540\" src=\"https:\/\/www.rne.cl\/wp-content\/uploads\/2026\/01\/image-1-1024x540.png\" alt=\"\" class=\"wp-image-600\" srcset=\"https:\/\/www.rne.cl\/wp-content\/uploads\/2026\/01\/image-1-1024x540.png 1024w, https:\/\/www.rne.cl\/wp-content\/uploads\/2026\/01\/image-1-300x158.png 300w, https:\/\/www.rne.cl\/wp-content\/uploads\/2026\/01\/image-1-768x405.png 768w, https:\/\/www.rne.cl\/wp-content\/uploads\/2026\/01\/image-1-500x264.png 500w, https:\/\/www.rne.cl\/wp-content\/uploads\/2026\/01\/image-1.png 1200w\" sizes=\"auto, (max-width: 1024px) 100vw, 1024px\" \/><\/figure>\n\n\n\n<p>Foto: Cedida<\/p>\n\n\n\n<p>Las cifras preliminares entregadas por la municipalidad dan cuenta de al menos 253 casas destruidas s\u00f3lo en la comuna de Concepci\u00f3n hasta las 06:00 horas de la ma\u00f1ana, debido a los incendios forestales descontrolados que se han registrado en la zona.<\/p>\n\n\n\n<p>El fuego, que tambi\u00e9n ha afectado a las comunas de Penco y Lirqu\u00e9n, no pudo ser controlado durante la madrugada, y debido al fuerte viendo que se percib\u00eda, avanz\u00f3 r\u00e1pidamente hacia los sectores urbanos.<\/p>\n\n\n\n<p>El alcalde H\u00e9ctor Mu\u00f1oz se\u00f1al\u00f3 que el sector El Pino fue el m\u00e1s afectado, y que lo m\u00e1s probable es que la cifra aumente durante las pr\u00f3ximas horas.<\/p>\n\n\n\n<p>Asimismo dio a conocer que hasta el momento no se han reportado heridos ni fallecidos y que espera que en las pr\u00f3ximas horas se retome el combate del fuego.<\/p>\n\n\n\n<p>\u201cEsperemos que se recupere el tema del combate a\u00e9reo, lo que pas\u00f3 en Concepci\u00f3n es que hay muchos sectores de dif\u00edcil acceso\u201d, indic\u00f3 el jefe comunal.<\/p>\n\n\n\n<p>Por el momento existen dos albergues habilitados que est\u00e1n recibiendo a las personas afectadas.<\/p>\n","protected":false},"excerpt":{"rendered":"<p>Foto: Cedida Las cifras preliminares entregadas por la municipalidad dan cuenta de al menos 253 casas destruidas s\u00f3lo en la comuna de Concepci\u00f3n hasta las 06:00 horas de la ma\u00f1ana, debido a los incendios forestales descontrolados que se han registrado &hellip; <a href=\"https:\/\/www.rne.cl\/?p=599\">Continuar leyendo <span class=\"meta-nav\">&rarr;<\/span><\/a><\/p>\n","protected":false},"author":4,"featured_media":0,"comment_status":"closed","ping_status":"closed","sticky":false,"template":"","format":"standard","meta":{"footnotes":""},"categories":[3],"tags":[],"class_list":["post-599","post","type-post","status-publish","format-standard","hentry","category-noticias"],"_links":{"self":[{"href":"https:\/\/www.rne.cl\/index.php?rest_route=\/wp\/v2\/posts\/599","targetHints":{"allow":["GET"]}}],"collection":[{"href":"https:\/\/www.rne.cl\/index.php?rest_route=\/wp\/v2\/posts"}],"about":[{"href":"https:\/\/www.rne.cl\/index.php?rest_route=\/wp\/v2\/types\/post"}],"author":[{"embeddable":true,"href":"https:\/\/www.rne.cl\/index.php?rest_route=\/wp\/v2\/users\/4"}],"replies":[{"embeddable":true,"href":"https:\/\/www.rne.cl\/index.php?rest_route=%2Fwp%2Fv2%2Fcomments&post=599"}],"version-history":[{"count":1,"href":"https:\/\/www.rne.cl\/index.php?rest_route=\/wp\/v2\/posts\/599\/revisions"}],"predecessor-version":[{"id":601,"href":"https:\/\/www.rne.cl\/index.php?rest_route=\/wp\/v2\/posts\/599\/revisions\/601"}],"wp:attachment":[{"href":"https:\/\/www.rne.cl\/index.php?rest_route=%2Fwp%2Fv2%2Fmedia&parent=599"}],"wp:term":[{"taxonomy":"category","embeddable":true,"href":"https:\/\/www.rne.cl\/index.php?rest_route=%2Fwp%2Fv2%2Fcategories&post=599"},{"taxonomy":"post_tag","embeddable":true,"href":"https:\/\/www.rne.cl\/index.php?rest_route=%2Fwp%2Fv2%2Ftags&post=599"}],"curies":[{"name":"wp","href":"https:\/\/api.w.org\/{rel}","templated":true}]}}