{"id":602,"date":"2026-01-18T14:40:05","date_gmt":"2026-01-18T14:40:05","guid":{"rendered":"https:\/\/www.rne.cl\/?p=602"},"modified":"2026-01-18T14:40:05","modified_gmt":"2026-01-18T14:40:05","slug":"en-las-proximas-horas-ff-aa-confirman-anuncio-de-toque-de-queda-por-incendios-forestales-fuente-cooperativa-cl-fecha-domingo-18-de-enero-de-2026-a-las-1041hrs-por-periodista-digital","status":"publish","type":"post","link":"https:\/\/www.rne.cl\/?p=602","title":{"rendered":"&#8220;En las pr\u00f3ximas horas&#8221;: FF.AA. confirman anuncio de toque de queda por incendios forestales &#8211; Fuente: Cooperativa.cl &#8211; Fecha: Domingo, 18 de Enero de 2026 a las 10:41hrs &#8211; Por: Periodista Digital:\u00a0Redacci\u00f3n Cooperativa"},"content":{"rendered":"\n<p><strong>La medida se tomar\u00e1 en lugares que sean necesarios y los detalles ser\u00e1n informados prontamente.<\/strong><\/p>\n\n\n\n<figure class=\"wp-block-image size-full\"><img loading=\"lazy\" decoding=\"async\" width=\"649\" height=\"365\" src=\"https:\/\/www.rne.cl\/wp-content\/uploads\/2026\/01\/image-2.png\" alt=\"\" class=\"wp-image-603\" srcset=\"https:\/\/www.rne.cl\/wp-content\/uploads\/2026\/01\/image-2.png 649w, https:\/\/www.rne.cl\/wp-content\/uploads\/2026\/01\/image-2-300x169.png 300w, https:\/\/www.rne.cl\/wp-content\/uploads\/2026\/01\/image-2-500x281.png 500w\" sizes=\"auto, (max-width: 649px) 100vw, 649px\" \/><\/figure>\n\n\n\n<p>Foro: ATON<\/p>\n\n\n\n<p>El Gobierno decret\u00f3 el&nbsp;<strong>toque de queda<\/strong>&nbsp;en los sectores m\u00e1s afectados por los incendios forestales en las regiones del Biob\u00edo y \u00d1uble, debido a la&nbsp;<a href=\"https:\/\/www.cooperativa.cl\/noticias\/pais\/desastres-naturales\/incendios-forestales\/nuble-y-biobio-estan-bajo-estado-de-catastrofe-por-devastadores\/2026-01-18\/082825.html\">devastaci\u00f3n que caus\u00f3 la tragedia que mantiene a la zona bajo estado de cat\u00e1strofe<\/a>.<\/p>\n\n\n\n<p>En el marco del \u00faltimo Comit\u00e9 de Gesti\u00f3n del Riesgo de Desastres (Cogrid), el subsecretario de Defensa,&nbsp;<strong>Ricardo Montero<\/strong>, confirm\u00f3 que&nbsp;<strong>&#8220;en las pr\u00f3ximas horas&#8221;<\/strong>&nbsp;se informar\u00e1n detalles de esta medida restrictiva a la vez que pidi\u00f3 el apoyo de la ciudadan\u00eda.<\/p>\n\n\n\n<p><strong>El jefe de la Defensa Nacional para la Regi\u00f3n del Biob\u00edo, Almirante Edgardo Acevedo,<\/strong>&nbsp;detall\u00f3 que el anuncio ser\u00e1 informado a trav\u00e9s &#8220;de los bandos formales una vez que terminemos un proceso de an\u00e1lisis que ya est\u00e1 siendo desarrollado.&nbsp;<strong>No tengo todav\u00eda definido el \u00e1rea espec\u00edfica donde lo vamos a abarcar, pero en las pr\u00f3ximas horas va a ser informado&#8221;.<\/strong><\/p>\n\n\n\n<p>La medida busca otorgar certezas a la ciudadan\u00eda y permitir el libre desplazamiento de las unidades de emergencia.<\/p>\n\n\n\n<p>M\u00e1s temprano, el alcalde de Concepci\u00f3n,&nbsp;<strong>H\u00e9ctor Mu\u00f1oz<\/strong>, se\u00f1al\u00f3 a<strong>&nbsp;Cooperativa<\/strong>&nbsp;que la medida es necesaria &#8220;para evitar robos y evitar que personas intencionalmente provoquen m\u00e1s incendios&#8221;.<\/p>\n\n\n\n<p><strong>Alejandro Sandoval, director regional de Senapred<\/strong>, detall\u00f3 que las zonas m\u00e1s complejas se ubican en Lirqu\u00e9n (Penco), Punta de Parra (Tom\u00e9) y los sectores de Ranchillos y Trinitarias en Concepci\u00f3n.<\/p>\n\n\n\n<p><strong>La autoridad agreg\u00f3 que se han emitido m\u00e1s de 37 alertas SAE<\/strong>. Si embargo, se reportaron dificultades en la evacuaci\u00f3n debido a la resistencia de algunos vecinos, por lo que reiteraron que la prioridad absoluta es salvar vidas.<\/p>\n\n\n\n<p><strong>La emergencia registra m\u00e1s de 250 viviendas afectadas y tres v\u00edctimas fatales<\/strong>.<\/p>\n\n\n\n<p><\/p>\n","protected":false},"excerpt":{"rendered":"<p>La medida se tomar\u00e1 en lugares que sean necesarios y los detalles ser\u00e1n informados prontamente. Foro: ATON El Gobierno decret\u00f3 el&nbsp;toque de queda&nbsp;en los sectores m\u00e1s afectados por los incendios forestales en las regiones del Biob\u00edo y \u00d1uble, debido a &hellip; <a href=\"https:\/\/www.rne.cl\/?p=602\">Continuar leyendo <span class=\"meta-nav\">&rarr;<\/span><\/a><\/p>\n","protected":false},"author":4,"featured_media":0,"comment_status":"closed","ping_status":"closed","sticky":false,"template":"","format":"standard","meta":{"footnotes":""},"categories":[3],"tags":[],"class_list":["post-602","post","type-post","status-publish","format-standard","hentry","category-noticias"],"_links":{"self":[{"href":"https:\/\/www.rne.cl\/index.php?rest_route=\/wp\/v2\/posts\/602","targetHints":{"allow":["GET"]}}],"collection":[{"href":"https:\/\/www.rne.cl\/index.php?rest_route=\/wp\/v2\/posts"}],"about":[{"href":"https:\/\/www.rne.cl\/index.php?rest_route=\/wp\/v2\/types\/post"}],"author":[{"embeddable":true,"href":"https:\/\/www.rne.cl\/index.php?rest_route=\/wp\/v2\/users\/4"}],"replies":[{"embeddable":true,"href":"https:\/\/www.rne.cl\/index.php?rest_route=%2Fwp%2Fv2%2Fcomments&post=602"}],"version-history":[{"count":1,"href":"https:\/\/www.rne.cl\/index.php?rest_route=\/wp\/v2\/posts\/602\/revisions"}],"predecessor-version":[{"id":604,"href":"https:\/\/www.rne.cl\/index.php?rest_route=\/wp\/v2\/posts\/602\/revisions\/604"}],"wp:attachment":[{"href":"https:\/\/www.rne.cl\/index.php?rest_route=%2Fwp%2Fv2%2Fmedia&parent=602"}],"wp:term":[{"taxonomy":"category","embeddable":true,"href":"https:\/\/www.rne.cl\/index.php?rest_route=%2Fwp%2Fv2%2Fcategories&post=602"},{"taxonomy":"post_tag","embeddable":true,"href":"https:\/\/www.rne.cl\/index.php?rest_route=%2Fwp%2Fv2%2Ftags&post=602"}],"curies":[{"name":"wp","href":"https:\/\/api.w.org\/{rel}","templated":true}]}}