{"id":98,"date":"2023-10-28T23:10:14","date_gmt":"2023-10-28T23:10:14","guid":{"rendered":"https:\/\/rne.cl\/?p=98"},"modified":"2023-10-30T14:28:29","modified_gmt":"2023-10-30T14:28:29","slug":"aviso-probables-tormenas-electricas","status":"publish","type":"post","link":"https:\/\/www.rne.cl\/?p=98","title":{"rendered":"Aviso Probables Tormenas El\u00e9ctricas"},"content":{"rendered":"\n<p><a href=\"https:\/\/twitter.com\/hashtag\/Aviso?src=hashtag_click\">#Aviso<\/a> A417\/2023: [28\/oct 19:45] Probables Tormentas El\u00e9ctricas en zonas de las regiones de Los R\u00edos, Los Lagos y Ays\u00e9n<\/p>\n\n\n\n<p><a href=\"https:\/\/archivos.meteochile.gob.cl\/portaldmc\/AAA\/doc\/evento_A417_2023.php\">https:\/\/archivos.meteochile.gob.cl\/portaldmc\/AAA\/doc\/evento_A417_2023.php<\/a><\/p>\n","protected":false},"excerpt":{"rendered":"<p>#Aviso A417\/2023: [28\/oct 19:45] Probables Tormentas El\u00e9ctricas en zonas de las regiones de Los R\u00edos, Los Lagos y Ays\u00e9n https:\/\/archivos.meteochile.gob.cl\/portaldmc\/AAA\/doc\/evento_A417_2023.php<\/p>\n","protected":false},"author":2,"featured_media":0,"comment_status":"closed","ping_status":"closed","sticky":false,"template":"","format":"standard","meta":{"footnotes":""},"categories":[3],"tags":[],"class_list":["post-98","post","type-post","status-publish","format-standard","hentry","category-noticias"],"_links":{"self":[{"href":"https:\/\/www.rne.cl\/index.php?rest_route=\/wp\/v2\/posts\/98","targetHints":{"allow":["GET"]}}],"collection":[{"href":"https:\/\/www.rne.cl\/index.php?rest_route=\/wp\/v2\/posts"}],"about":[{"href":"https:\/\/www.rne.cl\/index.php?rest_route=\/wp\/v2\/types\/post"}],"author":[{"embeddable":true,"href":"https:\/\/www.rne.cl\/index.php?rest_route=\/wp\/v2\/users\/2"}],"replies":[{"embeddable":true,"href":"https:\/\/www.rne.cl\/index.php?rest_route=%2Fwp%2Fv2%2Fcomments&post=98"}],"version-history":[{"count":1,"href":"https:\/\/www.rne.cl\/index.php?rest_route=\/wp\/v2\/posts\/98\/revisions"}],"predecessor-version":[{"id":99,"href":"https:\/\/www.rne.cl\/index.php?rest_route=\/wp\/v2\/posts\/98\/revisions\/99"}],"wp:attachment":[{"href":"https:\/\/www.rne.cl\/index.php?rest_route=%2Fwp%2Fv2%2Fmedia&parent=98"}],"wp:term":[{"taxonomy":"category","embeddable":true,"href":"https:\/\/www.rne.cl\/index.php?rest_route=%2Fwp%2Fv2%2Fcategories&post=98"},{"taxonomy":"post_tag","embeddable":true,"href":"https:\/\/www.rne.cl\/index.php?rest_route=%2Fwp%2Fv2%2Ftags&post=98"}],"curies":[{"name":"wp","href":"https:\/\/api.w.org\/{rel}","templated":true}]}}